{"id":3945,"date":"2026-04-29T12:47:00","date_gmt":"2026-04-29T10:47:00","guid":{"rendered":"https:\/\/blog.sagradafamilia.org\/?p=3945"},"modified":"2026-04-29T13:13:00","modified_gmt":"2026-04-29T11:13:00","slug":"frutas-naves-laterales-sagrada-familia","status":"publish","type":"post","link":"https:\/\/blog.sagradafamilia.org\/es\/fruites-naus-laterals-sagrada-familia\/","title":{"rendered":"\u00bfQu\u00e9 frutas se encuentran en las naves laterales de la Sagrada Familia?"},"content":{"rendered":"<p class=\"has-text-align-left translation-block\">La <strong>primavera<\/strong> es la \u00e9poca del a\u00f1o en la que la naturaleza renace despu\u00e9s del invierno. Tambi\u00e9n es una \u00e9poca de floraci\u00f3n de muchos \u00e1rboles frutales, como el almendro, el melocotonero y el cerezo, que estos d\u00edas est\u00e1n transformando el paisaje de los campos y los llenan de color. \u00bfSab\u00edais, sin embargo, que frutas como estas tambi\u00e9n est\u00e1n presentes en la Sagrada Familia?<\/p>\n\n\n\n<h2 class=\"wp-block-heading has-text-align-left\" style=\"border-style:none;border-width:0px\">Frutas de las naves laterales y el transepto<\/h2>\n\n\n\n<p class=\"has-black-color has-text-color has-link-color wp-elements-8c910af306a2a1b444a81a36f1823c87 translation-block\">Las fachadas correspondientes a las naves laterales del templo (levante y poniente) est\u00e1n coronadas por seis frontones triangulares. Cada front\u00f3n est\u00e1 rematado con una cesta de frutas que incluye debajo las hojas de su \u00e1rbol. En total son doce cestas, las cuales contienen <strong>doce clases de frutas diferentes ordenadas seg\u00fan el momento del a\u00f1o.<\/strong><\/p>\n\n\n\n<h3 class=\"wp-block-heading\"><strong>Frutas de primavera y verano: <\/strong><\/h3>\n\n\n\n<p class=\"translation-block\">As\u00ed pues, en el lado de Nacimiento encontramos las frutas de la primavera y el verano, mirando hacia levante y hacia el inicio del d\u00eda. Aqu\u00ed podemos ver (empezando por el lado de monta\u00f1a) los<strong> n\u00edsperos<\/strong>, las <strong>cerezas<\/strong>, las <strong>ciruelas<\/strong>, los<strong> melocotones<\/strong> y las <strong>peras<\/strong>.<\/p>\n\n\n\n<div class=\"wp-block-columns are-vertically-aligned-top is-layout-flex wp-container-core-columns-is-layout-9d6595d7 wp-block-columns-is-layout-flex\">\n<div class=\"wp-block-column is-vertically-aligned-top is-layout-flow wp-block-column-is-layout-flow\">\n<figure data-wp-context=\"{&quot;imageId&quot;:&quot;69f29c626aa4c&quot;}\" data-wp-interactive=\"core\/image\" data-wp-key=\"69f29c626aa4c\" class=\"wp-block-image aligncenter size-full is-resized wp-lightbox-container\"><img loading=\"lazy\" decoding=\"async\" width=\"446\" height=\"677\" data-wp-class--hide=\"state.isContentHidden\" data-wp-class--show=\"state.isContentVisible\" data-wp-init=\"callbacks.setButtonStyles\" data-wp-on--click=\"actions.showLightbox\" data-wp-on--load=\"callbacks.setButtonStyles\" data-wp-on-window--resize=\"callbacks.setButtonStyles\" src=\"https:\/\/blog.sagradafamilia.org\/wp-content\/uploads\/2025\/03\/nespres-amb-les-fulles-que-cauen-del-nesprer-a-sota.jpg\" alt=\"panera nespres\" class=\"wp-image-3961\" style=\"width:260px;height:auto\" srcset=\"https:\/\/blog.sagradafamilia.org\/wp-content\/uploads\/2025\/03\/nespres-amb-les-fulles-que-cauen-del-nesprer-a-sota.jpg 446w, https:\/\/blog.sagradafamilia.org\/wp-content\/uploads\/2025\/03\/nespres-amb-les-fulles-que-cauen-del-nesprer-a-sota-198x300.jpg 198w, https:\/\/blog.sagradafamilia.org\/wp-content\/uploads\/2025\/03\/nespres-amb-les-fulles-que-cauen-del-nesprer-a-sota-8x12.jpg 8w\" sizes=\"auto, (max-width: 446px) 100vw, 446px\" \/><button\n\t\t\tclass=\"lightbox-trigger\"\n\t\t\ttype=\"button\"\n\t\t\taria-haspopup=\"dialog\"\n\t\t\taria-label=\"Agrandar\"\n\t\t\tdata-wp-init=\"callbacks.initTriggerButton\"\n\t\t\tdata-wp-on--click=\"actions.showLightbox\"\n\t\t\tdata-wp-style--right=\"state.imageButtonRight\"\n\t\t\tdata-wp-style--top=\"state.imageButtonTop\"\n\t\t>\n\t\t\t<svg xmlns=\"http:\/\/www.w3.org\/2000\/svg\" width=\"12\" height=\"12\" fill=\"none\" viewbox=\"0 0 12 12\">\n\t\t\t\t<path fill=\"#fff\" d=\"M2 0a2 2 0 0 0-2 2v2h1.5V2a.5.5 0 0 1 .5-.5h2V0H2Zm2 10.5H2a.5.5 0 0 1-.5-.5V8H0v2a2 2 0 0 0 2 2h2v-1.5ZM8 12v-1.5h2a.5.5 0 0 0 .5-.5V8H12v2a2 2 0 0 1-2 2H8Zm2-12a2 2 0 0 1 2 2v2h-1.5V2a.5.5 0 0 0-.5-.5H8V0h2Z\" \/>\n\t\t\t<\/svg>\n\t\t<\/button><figcaption class=\"wp-element-caption\">Cesta de n\u00edsperos con las hojas del \u00e1rbol debajo <\/figcaption><\/figure>\n<\/div>\n\n\n\n<div class=\"wp-block-column is-vertically-aligned-top is-layout-flow wp-block-column-is-layout-flow\">\n<figure data-wp-context=\"{&quot;imageId&quot;:&quot;69f29c626c03d&quot;}\" data-wp-interactive=\"core\/image\" data-wp-key=\"69f29c626c03d\" class=\"wp-block-image aligncenter size-full is-resized wp-lightbox-container\"><img loading=\"lazy\" decoding=\"async\" width=\"327\" height=\"575\" data-wp-class--hide=\"state.isContentHidden\" data-wp-class--show=\"state.isContentVisible\" data-wp-init=\"callbacks.setButtonStyles\" data-wp-on--click=\"actions.showLightbox\" data-wp-on--load=\"callbacks.setButtonStyles\" data-wp-on-window--resize=\"callbacks.setButtonStyles\" src=\"https:\/\/blog.sagradafamilia.org\/wp-content\/uploads\/2025\/03\/cireres.jpg\" alt=\"\" class=\"wp-image-3951\" style=\"width:222px;height:auto\" srcset=\"https:\/\/blog.sagradafamilia.org\/wp-content\/uploads\/2025\/03\/cireres.jpg 327w, https:\/\/blog.sagradafamilia.org\/wp-content\/uploads\/2025\/03\/cireres-171x300.jpg 171w, https:\/\/blog.sagradafamilia.org\/wp-content\/uploads\/2025\/03\/cireres-7x12.jpg 7w\" sizes=\"auto, (max-width: 327px) 100vw, 327px\" \/><button\n\t\t\tclass=\"lightbox-trigger\"\n\t\t\ttype=\"button\"\n\t\t\taria-haspopup=\"dialog\"\n\t\t\taria-label=\"Agrandar\"\n\t\t\tdata-wp-init=\"callbacks.initTriggerButton\"\n\t\t\tdata-wp-on--click=\"actions.showLightbox\"\n\t\t\tdata-wp-style--right=\"state.imageButtonRight\"\n\t\t\tdata-wp-style--top=\"state.imageButtonTop\"\n\t\t>\n\t\t\t<svg xmlns=\"http:\/\/www.w3.org\/2000\/svg\" width=\"12\" height=\"12\" fill=\"none\" viewbox=\"0 0 12 12\">\n\t\t\t\t<path fill=\"#fff\" d=\"M2 0a2 2 0 0 0-2 2v2h1.5V2a.5.5 0 0 1 .5-.5h2V0H2Zm2 10.5H2a.5.5 0 0 1-.5-.5V8H0v2a2 2 0 0 0 2 2h2v-1.5ZM8 12v-1.5h2a.5.5 0 0 0 .5-.5V8H12v2a2 2 0 0 1-2 2H8Zm2-12a2 2 0 0 1 2 2v2h-1.5V2a.5.5 0 0 0-.5-.5H8V0h2Z\" \/>\n\t\t\t<\/svg>\n\t\t<\/button><figcaption class=\"wp-element-caption\">Cerezas y hojas de cerezo<\/figcaption><\/figure>\n<\/div>\n<\/div>\n\n\n\n<div class=\"wp-block-columns is-layout-flex wp-container-core-columns-is-layout-62db62f3 wp-block-columns-is-layout-flex\" style=\"padding-top:0;padding-bottom:0\">\n<div class=\"wp-block-column is-layout-flow wp-block-column-is-layout-flow\">\n<figure data-wp-context=\"{&quot;imageId&quot;:&quot;69f29c626c7be&quot;}\" data-wp-interactive=\"core\/image\" data-wp-key=\"69f29c626c7be\" class=\"wp-block-image aligncenter size-full is-resized wp-lightbox-container\"><img loading=\"lazy\" decoding=\"async\" width=\"683\" height=\"1023\" data-wp-class--hide=\"state.isContentHidden\" data-wp-class--show=\"state.isContentVisible\" data-wp-init=\"callbacks.setButtonStyles\" data-wp-on--click=\"actions.showLightbox\" data-wp-on--load=\"callbacks.setButtonStyles\" data-wp-on-window--resize=\"callbacks.setButtonStyles\" src=\"https:\/\/blog.sagradafamilia.org\/wp-content\/uploads\/2025\/03\/prunes-def.jpg\" alt=\"\" class=\"wp-image-3972\" style=\"width:210px;height:auto\" srcset=\"https:\/\/blog.sagradafamilia.org\/wp-content\/uploads\/2025\/03\/prunes-def.jpg 683w, https:\/\/blog.sagradafamilia.org\/wp-content\/uploads\/2025\/03\/prunes-def-200x300.jpg 200w, https:\/\/blog.sagradafamilia.org\/wp-content\/uploads\/2025\/03\/prunes-def-8x12.jpg 8w\" sizes=\"auto, (max-width: 683px) 100vw, 683px\" \/><button\n\t\t\tclass=\"lightbox-trigger\"\n\t\t\ttype=\"button\"\n\t\t\taria-haspopup=\"dialog\"\n\t\t\taria-label=\"Agrandar\"\n\t\t\tdata-wp-init=\"callbacks.initTriggerButton\"\n\t\t\tdata-wp-on--click=\"actions.showLightbox\"\n\t\t\tdata-wp-style--right=\"state.imageButtonRight\"\n\t\t\tdata-wp-style--top=\"state.imageButtonTop\"\n\t\t>\n\t\t\t<svg xmlns=\"http:\/\/www.w3.org\/2000\/svg\" width=\"12\" height=\"12\" fill=\"none\" viewbox=\"0 0 12 12\">\n\t\t\t\t<path fill=\"#fff\" d=\"M2 0a2 2 0 0 0-2 2v2h1.5V2a.5.5 0 0 1 .5-.5h2V0H2Zm2 10.5H2a.5.5 0 0 1-.5-.5V8H0v2a2 2 0 0 0 2 2h2v-1.5ZM8 12v-1.5h2a.5.5 0 0 0 .5-.5V8H12v2a2 2 0 0 1-2 2H8Zm2-12a2 2 0 0 1 2 2v2h-1.5V2a.5.5 0 0 0-.5-.5H8V0h2Z\" \/>\n\t\t\t<\/svg>\n\t\t<\/button><figcaption class=\"wp-element-caption\">Ciruelas<\/figcaption><\/figure>\n<\/div>\n\n\n\n<div class=\"wp-block-column is-layout-flow wp-block-column-is-layout-flow\">\n<figure data-wp-context=\"{&quot;imageId&quot;:&quot;69f29c626cdd1&quot;}\" data-wp-interactive=\"core\/image\" data-wp-key=\"69f29c626cdd1\" class=\"wp-block-image aligncenter size-full is-resized wp-lightbox-container\"><img loading=\"lazy\" decoding=\"async\" width=\"389\" height=\"728\" data-wp-class--hide=\"state.isContentHidden\" data-wp-class--show=\"state.isContentVisible\" data-wp-init=\"callbacks.setButtonStyles\" data-wp-on--click=\"actions.showLightbox\" data-wp-on--load=\"callbacks.setButtonStyles\" data-wp-on-window--resize=\"callbacks.setButtonStyles\" src=\"https:\/\/blog.sagradafamilia.org\/wp-content\/uploads\/2025\/03\/pressecs.jpg\" alt=\"\" class=\"wp-image-3967\" style=\"width:167px;height:auto\" srcset=\"https:\/\/blog.sagradafamilia.org\/wp-content\/uploads\/2025\/03\/pressecs.jpg 389w, https:\/\/blog.sagradafamilia.org\/wp-content\/uploads\/2025\/03\/pressecs-160x300.jpg 160w, https:\/\/blog.sagradafamilia.org\/wp-content\/uploads\/2025\/03\/pressecs-6x12.jpg 6w\" sizes=\"auto, (max-width: 389px) 100vw, 389px\" \/><button\n\t\t\tclass=\"lightbox-trigger\"\n\t\t\ttype=\"button\"\n\t\t\taria-haspopup=\"dialog\"\n\t\t\taria-label=\"Agrandar\"\n\t\t\tdata-wp-init=\"callbacks.initTriggerButton\"\n\t\t\tdata-wp-on--click=\"actions.showLightbox\"\n\t\t\tdata-wp-style--right=\"state.imageButtonRight\"\n\t\t\tdata-wp-style--top=\"state.imageButtonTop\"\n\t\t>\n\t\t\t<svg xmlns=\"http:\/\/www.w3.org\/2000\/svg\" width=\"12\" height=\"12\" fill=\"none\" viewbox=\"0 0 12 12\">\n\t\t\t\t<path fill=\"#fff\" d=\"M2 0a2 2 0 0 0-2 2v2h1.5V2a.5.5 0 0 1 .5-.5h2V0H2Zm2 10.5H2a.5.5 0 0 1-.5-.5V8H0v2a2 2 0 0 0 2 2h2v-1.5ZM8 12v-1.5h2a.5.5 0 0 0 .5-.5V8H12v2a2 2 0 0 1-2 2H8Zm2-12a2 2 0 0 1 2 2v2h-1.5V2a.5.5 0 0 0-.5-.5H8V0h2Z\" \/>\n\t\t\t<\/svg>\n\t\t<\/button><figcaption class=\"wp-element-caption\">Melocotones y hojas de melocotonero<\/figcaption><\/figure>\n<\/div>\n\n\n\n<div class=\"wp-block-column is-layout-flow wp-block-column-is-layout-flow\">\n<figure data-wp-context=\"{&quot;imageId&quot;:&quot;69f29c626d3e1&quot;}\" data-wp-interactive=\"core\/image\" data-wp-key=\"69f29c626d3e1\" class=\"wp-block-image aligncenter size-full is-resized wp-lightbox-container\"><img loading=\"lazy\" decoding=\"async\" width=\"342\" height=\"517\" data-wp-class--hide=\"state.isContentHidden\" data-wp-class--show=\"state.isContentVisible\" data-wp-init=\"callbacks.setButtonStyles\" data-wp-on--click=\"actions.showLightbox\" data-wp-on--load=\"callbacks.setButtonStyles\" data-wp-on-window--resize=\"callbacks.setButtonStyles\" src=\"https:\/\/blog.sagradafamilia.org\/wp-content\/uploads\/2025\/03\/peres.jpg\" alt=\"\" class=\"wp-image-3965\" style=\"width:209px;height:auto\" srcset=\"https:\/\/blog.sagradafamilia.org\/wp-content\/uploads\/2025\/03\/peres.jpg 342w, https:\/\/blog.sagradafamilia.org\/wp-content\/uploads\/2025\/03\/peres-198x300.jpg 198w, https:\/\/blog.sagradafamilia.org\/wp-content\/uploads\/2025\/03\/peres-8x12.jpg 8w\" sizes=\"auto, (max-width: 342px) 100vw, 342px\" \/><button\n\t\t\tclass=\"lightbox-trigger\"\n\t\t\ttype=\"button\"\n\t\t\taria-haspopup=\"dialog\"\n\t\t\taria-label=\"Agrandar\"\n\t\t\tdata-wp-init=\"callbacks.initTriggerButton\"\n\t\t\tdata-wp-on--click=\"actions.showLightbox\"\n\t\t\tdata-wp-style--right=\"state.imageButtonRight\"\n\t\t\tdata-wp-style--top=\"state.imageButtonTop\"\n\t\t>\n\t\t\t<svg xmlns=\"http:\/\/www.w3.org\/2000\/svg\" width=\"12\" height=\"12\" fill=\"none\" viewbox=\"0 0 12 12\">\n\t\t\t\t<path fill=\"#fff\" d=\"M2 0a2 2 0 0 0-2 2v2h1.5V2a.5.5 0 0 1 .5-.5h2V0H2Zm2 10.5H2a.5.5 0 0 1-.5-.5V8H0v2a2 2 0 0 0 2 2h2v-1.5ZM8 12v-1.5h2a.5.5 0 0 0 .5-.5V8H12v2a2 2 0 0 1-2 2H8Zm2-12a2 2 0 0 1 2 2v2h-1.5V2a.5.5 0 0 0-.5-.5H8V0h2Z\" \/>\n\t\t\t<\/svg>\n\t\t<\/button><figcaption class=\"wp-element-caption\">Peras<\/figcaption><\/figure>\n<\/div>\n<\/div>\n\n\n\n<h3 class=\"wp-block-heading\"><strong>Frutas de oto\u00f1o e invierno<\/strong><\/h3>\n\n\n\n<p class=\"translation-block\">Por otra parte, en el lado de Pasi\u00f3n encontramos las frutas del oto\u00f1o y el invierno, mirando a poniente, es decir, al final del d\u00eda, que representa tambi\u00e9n la ca\u00edda del a\u00f1o. Aqu\u00ed podemos ver (empezando por el lado de mar) las <strong>manzanas<\/strong>, las  <strong> almendras<\/strong>, los <strong>higos<\/strong>, los<strong> caquis<\/strong> y las <strong>casta\u00f1as<\/strong>.<\/p>\n\n\n\n<div class=\"wp-block-columns is-layout-flex wp-container-core-columns-is-layout-9d6595d7 wp-block-columns-is-layout-flex\">\n<div class=\"wp-block-column is-layout-flow wp-block-column-is-layout-flow\">\n<figure data-wp-context=\"{&quot;imageId&quot;:&quot;69f29c626db5d&quot;}\" data-wp-interactive=\"core\/image\" data-wp-key=\"69f29c626db5d\" class=\"wp-block-image aligncenter size-full is-resized wp-lightbox-container\"><img loading=\"lazy\" decoding=\"async\" width=\"684\" height=\"912\" data-wp-class--hide=\"state.isContentHidden\" data-wp-class--show=\"state.isContentVisible\" data-wp-init=\"callbacks.setButtonStyles\" data-wp-on--click=\"actions.showLightbox\" data-wp-on--load=\"callbacks.setButtonStyles\" data-wp-on-window--resize=\"callbacks.setButtonStyles\" src=\"https:\/\/blog.sagradafamilia.org\/wp-content\/uploads\/2025\/03\/pomes-edited.jpg\" alt=\"\" class=\"wp-image-3994\" style=\"width:220px;height:auto\" srcset=\"https:\/\/blog.sagradafamilia.org\/wp-content\/uploads\/2025\/03\/pomes-edited.jpg 684w, https:\/\/blog.sagradafamilia.org\/wp-content\/uploads\/2025\/03\/pomes-edited-225x300.jpg 225w, https:\/\/blog.sagradafamilia.org\/wp-content\/uploads\/2025\/03\/pomes-edited-9x12.jpg 9w\" sizes=\"auto, (max-width: 684px) 100vw, 684px\" \/><button\n\t\t\tclass=\"lightbox-trigger\"\n\t\t\ttype=\"button\"\n\t\t\taria-haspopup=\"dialog\"\n\t\t\taria-label=\"Agrandar\"\n\t\t\tdata-wp-init=\"callbacks.initTriggerButton\"\n\t\t\tdata-wp-on--click=\"actions.showLightbox\"\n\t\t\tdata-wp-style--right=\"state.imageButtonRight\"\n\t\t\tdata-wp-style--top=\"state.imageButtonTop\"\n\t\t>\n\t\t\t<svg xmlns=\"http:\/\/www.w3.org\/2000\/svg\" width=\"12\" height=\"12\" fill=\"none\" viewbox=\"0 0 12 12\">\n\t\t\t\t<path fill=\"#fff\" d=\"M2 0a2 2 0 0 0-2 2v2h1.5V2a.5.5 0 0 1 .5-.5h2V0H2Zm2 10.5H2a.5.5 0 0 1-.5-.5V8H0v2a2 2 0 0 0 2 2h2v-1.5ZM8 12v-1.5h2a.5.5 0 0 0 .5-.5V8H12v2a2 2 0 0 1-2 2H8Zm2-12a2 2 0 0 1 2 2v2h-1.5V2a.5.5 0 0 0-.5-.5H8V0h2Z\" \/>\n\t\t\t<\/svg>\n\t\t<\/button><figcaption class=\"wp-element-caption\">Manzanas<\/figcaption><\/figure>\n<\/div>\n\n\n\n<div class=\"wp-block-column is-layout-flow wp-block-column-is-layout-flow\">\n<figure data-wp-context=\"{&quot;imageId&quot;:&quot;69f29c626e158&quot;}\" data-wp-interactive=\"core\/image\" data-wp-key=\"69f29c626e158\" class=\"wp-block-image aligncenter size-full is-resized wp-lightbox-container\"><img loading=\"lazy\" decoding=\"async\" width=\"683\" height=\"1023\" data-wp-class--hide=\"state.isContentHidden\" data-wp-class--show=\"state.isContentVisible\" data-wp-init=\"callbacks.setButtonStyles\" data-wp-on--click=\"actions.showLightbox\" data-wp-on--load=\"callbacks.setButtonStyles\" data-wp-on-window--resize=\"callbacks.setButtonStyles\" src=\"https:\/\/blog.sagradafamilia.org\/wp-content\/uploads\/2025\/03\/ametlles.jpg\" alt=\"\" class=\"wp-image-3947\" style=\"width:196px;height:auto\" srcset=\"https:\/\/blog.sagradafamilia.org\/wp-content\/uploads\/2025\/03\/ametlles.jpg 683w, https:\/\/blog.sagradafamilia.org\/wp-content\/uploads\/2025\/03\/ametlles-200x300.jpg 200w, https:\/\/blog.sagradafamilia.org\/wp-content\/uploads\/2025\/03\/ametlles-8x12.jpg 8w\" sizes=\"auto, (max-width: 683px) 100vw, 683px\" \/><button\n\t\t\tclass=\"lightbox-trigger\"\n\t\t\ttype=\"button\"\n\t\t\taria-haspopup=\"dialog\"\n\t\t\taria-label=\"Agrandar\"\n\t\t\tdata-wp-init=\"callbacks.initTriggerButton\"\n\t\t\tdata-wp-on--click=\"actions.showLightbox\"\n\t\t\tdata-wp-style--right=\"state.imageButtonRight\"\n\t\t\tdata-wp-style--top=\"state.imageButtonTop\"\n\t\t>\n\t\t\t<svg xmlns=\"http:\/\/www.w3.org\/2000\/svg\" width=\"12\" height=\"12\" fill=\"none\" viewbox=\"0 0 12 12\">\n\t\t\t\t<path fill=\"#fff\" d=\"M2 0a2 2 0 0 0-2 2v2h1.5V2a.5.5 0 0 1 .5-.5h2V0H2Zm2 10.5H2a.5.5 0 0 1-.5-.5V8H0v2a2 2 0 0 0 2 2h2v-1.5ZM8 12v-1.5h2a.5.5 0 0 0 .5-.5V8H12v2a2 2 0 0 1-2 2H8Zm2-12a2 2 0 0 1 2 2v2h-1.5V2a.5.5 0 0 0-.5-.5H8V0h2Z\" \/>\n\t\t\t<\/svg>\n\t\t<\/button><figcaption class=\"wp-element-caption\">Almendras<\/figcaption><\/figure>\n<\/div>\n\n\n\n<div class=\"wp-block-column is-layout-flow wp-block-column-is-layout-flow\">\n<figure data-wp-context=\"{&quot;imageId&quot;:&quot;69f29c626e702&quot;}\" data-wp-interactive=\"core\/image\" data-wp-key=\"69f29c626e702\" class=\"wp-block-image aligncenter size-full is-resized wp-lightbox-container\"><img loading=\"lazy\" decoding=\"async\" width=\"683\" height=\"1023\" data-wp-class--hide=\"state.isContentHidden\" data-wp-class--show=\"state.isContentVisible\" data-wp-init=\"callbacks.setButtonStyles\" data-wp-on--click=\"actions.showLightbox\" data-wp-on--load=\"callbacks.setButtonStyles\" data-wp-on-window--resize=\"callbacks.setButtonStyles\" src=\"https:\/\/blog.sagradafamilia.org\/wp-content\/uploads\/2025\/03\/figues.jpg\" alt=\"\" class=\"wp-image-3954\" style=\"width:196px;height:auto\" srcset=\"https:\/\/blog.sagradafamilia.org\/wp-content\/uploads\/2025\/03\/figues.jpg 683w, https:\/\/blog.sagradafamilia.org\/wp-content\/uploads\/2025\/03\/figues-200x300.jpg 200w, https:\/\/blog.sagradafamilia.org\/wp-content\/uploads\/2025\/03\/figues-8x12.jpg 8w\" sizes=\"auto, (max-width: 683px) 100vw, 683px\" \/><button\n\t\t\tclass=\"lightbox-trigger\"\n\t\t\ttype=\"button\"\n\t\t\taria-haspopup=\"dialog\"\n\t\t\taria-label=\"Agrandar\"\n\t\t\tdata-wp-init=\"callbacks.initTriggerButton\"\n\t\t\tdata-wp-on--click=\"actions.showLightbox\"\n\t\t\tdata-wp-style--right=\"state.imageButtonRight\"\n\t\t\tdata-wp-style--top=\"state.imageButtonTop\"\n\t\t>\n\t\t\t<svg xmlns=\"http:\/\/www.w3.org\/2000\/svg\" width=\"12\" height=\"12\" fill=\"none\" viewbox=\"0 0 12 12\">\n\t\t\t\t<path fill=\"#fff\" d=\"M2 0a2 2 0 0 0-2 2v2h1.5V2a.5.5 0 0 1 .5-.5h2V0H2Zm2 10.5H2a.5.5 0 0 1-.5-.5V8H0v2a2 2 0 0 0 2 2h2v-1.5ZM8 12v-1.5h2a.5.5 0 0 0 .5-.5V8H12v2a2 2 0 0 1-2 2H8Zm2-12a2 2 0 0 1 2 2v2h-1.5V2a.5.5 0 0 0-.5-.5H8V0h2Z\" \/>\n\t\t\t<\/svg>\n\t\t<\/button><figcaption class=\"wp-element-caption\">Higos<\/figcaption><\/figure>\n<\/div>\n<\/div>\n\n\n\n<div class=\"wp-block-columns is-layout-flex wp-container-core-columns-is-layout-9d6595d7 wp-block-columns-is-layout-flex\">\n<div class=\"wp-block-column is-layout-flow wp-block-column-is-layout-flow\">\n<figure data-wp-context=\"{&quot;imageId&quot;:&quot;69f29c626edd2&quot;}\" data-wp-interactive=\"core\/image\" data-wp-key=\"69f29c626edd2\" class=\"wp-block-image aligncenter size-full is-resized wp-lightbox-container\"><img loading=\"lazy\" decoding=\"async\" width=\"546\" height=\"765\" data-wp-class--hide=\"state.isContentHidden\" data-wp-class--show=\"state.isContentVisible\" data-wp-init=\"callbacks.setButtonStyles\" data-wp-on--click=\"actions.showLightbox\" data-wp-on--load=\"callbacks.setButtonStyles\" data-wp-on-window--resize=\"callbacks.setButtonStyles\" src=\"https:\/\/blog.sagradafamilia.org\/wp-content\/uploads\/2025\/03\/caquis.jpg\" alt=\"\" class=\"wp-image-3948\" style=\"width:243px;height:auto\" srcset=\"https:\/\/blog.sagradafamilia.org\/wp-content\/uploads\/2025\/03\/caquis.jpg 546w, https:\/\/blog.sagradafamilia.org\/wp-content\/uploads\/2025\/03\/caquis-214x300.jpg 214w, https:\/\/blog.sagradafamilia.org\/wp-content\/uploads\/2025\/03\/caquis-9x12.jpg 9w\" sizes=\"auto, (max-width: 546px) 100vw, 546px\" \/><button\n\t\t\tclass=\"lightbox-trigger\"\n\t\t\ttype=\"button\"\n\t\t\taria-haspopup=\"dialog\"\n\t\t\taria-label=\"Agrandar\"\n\t\t\tdata-wp-init=\"callbacks.initTriggerButton\"\n\t\t\tdata-wp-on--click=\"actions.showLightbox\"\n\t\t\tdata-wp-style--right=\"state.imageButtonRight\"\n\t\t\tdata-wp-style--top=\"state.imageButtonTop\"\n\t\t>\n\t\t\t<svg xmlns=\"http:\/\/www.w3.org\/2000\/svg\" width=\"12\" height=\"12\" fill=\"none\" viewbox=\"0 0 12 12\">\n\t\t\t\t<path fill=\"#fff\" d=\"M2 0a2 2 0 0 0-2 2v2h1.5V2a.5.5 0 0 1 .5-.5h2V0H2Zm2 10.5H2a.5.5 0 0 1-.5-.5V8H0v2a2 2 0 0 0 2 2h2v-1.5ZM8 12v-1.5h2a.5.5 0 0 0 .5-.5V8H12v2a2 2 0 0 1-2 2H8Zm2-12a2 2 0 0 1 2 2v2h-1.5V2a.5.5 0 0 0-.5-.5H8V0h2Z\" \/>\n\t\t\t<\/svg>\n\t\t<\/button><figcaption class=\"wp-element-caption\">Caquis<\/figcaption><\/figure>\n<\/div>\n\n\n\n<div class=\"wp-block-column is-layout-flow wp-block-column-is-layout-flow\">\n<figure data-wp-context=\"{&quot;imageId&quot;:&quot;69f29c626f446&quot;}\" data-wp-interactive=\"core\/image\" data-wp-key=\"69f29c626f446\" class=\"wp-block-image aligncenter size-full is-resized wp-lightbox-container\"><img loading=\"lazy\" decoding=\"async\" width=\"683\" height=\"1023\" data-wp-class--hide=\"state.isContentHidden\" data-wp-class--show=\"state.isContentVisible\" data-wp-init=\"callbacks.setButtonStyles\" data-wp-on--click=\"actions.showLightbox\" data-wp-on--load=\"callbacks.setButtonStyles\" data-wp-on-window--resize=\"callbacks.setButtonStyles\" src=\"https:\/\/blog.sagradafamilia.org\/wp-content\/uploads\/2025\/03\/castanyes.jpg\" alt=\"\" class=\"wp-image-3949\" style=\"width:226px;height:auto\" srcset=\"https:\/\/blog.sagradafamilia.org\/wp-content\/uploads\/2025\/03\/castanyes.jpg 683w, https:\/\/blog.sagradafamilia.org\/wp-content\/uploads\/2025\/03\/castanyes-200x300.jpg 200w, https:\/\/blog.sagradafamilia.org\/wp-content\/uploads\/2025\/03\/castanyes-8x12.jpg 8w\" sizes=\"auto, (max-width: 683px) 100vw, 683px\" \/><button\n\t\t\tclass=\"lightbox-trigger\"\n\t\t\ttype=\"button\"\n\t\t\taria-haspopup=\"dialog\"\n\t\t\taria-label=\"Agrandar\"\n\t\t\tdata-wp-init=\"callbacks.initTriggerButton\"\n\t\t\tdata-wp-on--click=\"actions.showLightbox\"\n\t\t\tdata-wp-style--right=\"state.imageButtonRight\"\n\t\t\tdata-wp-style--top=\"state.imageButtonTop\"\n\t\t>\n\t\t\t<svg xmlns=\"http:\/\/www.w3.org\/2000\/svg\" width=\"12\" height=\"12\" fill=\"none\" viewbox=\"0 0 12 12\">\n\t\t\t\t<path fill=\"#fff\" d=\"M2 0a2 2 0 0 0-2 2v2h1.5V2a.5.5 0 0 1 .5-.5h2V0H2Zm2 10.5H2a.5.5 0 0 1-.5-.5V8H0v2a2 2 0 0 0 2 2h2v-1.5ZM8 12v-1.5h2a.5.5 0 0 0 .5-.5V8H12v2a2 2 0 0 1-2 2H8Zm2-12a2 2 0 0 1 2 2v2h-1.5V2a.5.5 0 0 0-.5-.5H8V0h2Z\" \/>\n\t\t\t<\/svg>\n\t\t<\/button><figcaption class=\"wp-element-caption\">Casta\u00f1as<\/figcaption><\/figure>\n<\/div>\n<\/div>\n\n\n\n<p class=\"translation-block\">Las \u00faltimas cestas de esta cota est\u00e1n en los ventanales del transepto: en el lado de mar tenemos las  <strong>naranjas <\/strong>y, en la monta\u00f1a, las <strong>granadas<\/strong>.<\/p>\n\n\n\n<div class=\"wp-block-columns is-layout-flex wp-container-core-columns-is-layout-9d6595d7 wp-block-columns-is-layout-flex\">\n<div class=\"wp-block-column is-layout-flow wp-block-column-is-layout-flow\">\n<figure data-wp-context=\"{&quot;imageId&quot;:&quot;69f29c626fae4&quot;}\" data-wp-interactive=\"core\/image\" data-wp-key=\"69f29c626fae4\" class=\"wp-block-image aligncenter size-full is-resized wp-lightbox-container\"><img loading=\"lazy\" decoding=\"async\" width=\"683\" height=\"1023\" data-wp-class--hide=\"state.isContentHidden\" data-wp-class--show=\"state.isContentVisible\" data-wp-init=\"callbacks.setButtonStyles\" data-wp-on--click=\"actions.showLightbox\" data-wp-on--load=\"callbacks.setButtonStyles\" data-wp-on-window--resize=\"callbacks.setButtonStyles\" src=\"https:\/\/blog.sagradafamilia.org\/wp-content\/uploads\/2025\/03\/taronges.jpg\" alt=\"\" class=\"wp-image-3970\" style=\"width:233px;height:auto\" srcset=\"https:\/\/blog.sagradafamilia.org\/wp-content\/uploads\/2025\/03\/taronges.jpg 683w, https:\/\/blog.sagradafamilia.org\/wp-content\/uploads\/2025\/03\/taronges-200x300.jpg 200w, https:\/\/blog.sagradafamilia.org\/wp-content\/uploads\/2025\/03\/taronges-8x12.jpg 8w\" sizes=\"auto, (max-width: 683px) 100vw, 683px\" \/><button\n\t\t\tclass=\"lightbox-trigger\"\n\t\t\ttype=\"button\"\n\t\t\taria-haspopup=\"dialog\"\n\t\t\taria-label=\"Agrandar\"\n\t\t\tdata-wp-init=\"callbacks.initTriggerButton\"\n\t\t\tdata-wp-on--click=\"actions.showLightbox\"\n\t\t\tdata-wp-style--right=\"state.imageButtonRight\"\n\t\t\tdata-wp-style--top=\"state.imageButtonTop\"\n\t\t>\n\t\t\t<svg xmlns=\"http:\/\/www.w3.org\/2000\/svg\" width=\"12\" height=\"12\" fill=\"none\" viewbox=\"0 0 12 12\">\n\t\t\t\t<path fill=\"#fff\" d=\"M2 0a2 2 0 0 0-2 2v2h1.5V2a.5.5 0 0 1 .5-.5h2V0H2Zm2 10.5H2a.5.5 0 0 1-.5-.5V8H0v2a2 2 0 0 0 2 2h2v-1.5ZM8 12v-1.5h2a.5.5 0 0 0 .5-.5V8H12v2a2 2 0 0 1-2 2H8Zm2-12a2 2 0 0 1 2 2v2h-1.5V2a.5.5 0 0 0-.5-.5H8V0h2Z\" \/>\n\t\t\t<\/svg>\n\t\t<\/button><figcaption class=\"wp-element-caption\">Naranjas<\/figcaption><\/figure>\n<\/div>\n\n\n\n<div class=\"wp-block-column is-layout-flow wp-block-column-is-layout-flow\">\n<figure data-wp-context=\"{&quot;imageId&quot;:&quot;69f29c6270086&quot;}\" data-wp-interactive=\"core\/image\" data-wp-key=\"69f29c6270086\" class=\"wp-block-image aligncenter size-full is-resized wp-lightbox-container\"><img loading=\"lazy\" decoding=\"async\" width=\"683\" height=\"1023\" data-wp-class--hide=\"state.isContentHidden\" data-wp-class--show=\"state.isContentVisible\" data-wp-init=\"callbacks.setButtonStyles\" data-wp-on--click=\"actions.showLightbox\" data-wp-on--load=\"callbacks.setButtonStyles\" data-wp-on-window--resize=\"callbacks.setButtonStyles\" src=\"https:\/\/blog.sagradafamilia.org\/wp-content\/uploads\/2025\/03\/magranes.jpg\" alt=\"\" class=\"wp-image-3959\" style=\"width:231px;height:auto\" srcset=\"https:\/\/blog.sagradafamilia.org\/wp-content\/uploads\/2025\/03\/magranes.jpg 683w, https:\/\/blog.sagradafamilia.org\/wp-content\/uploads\/2025\/03\/magranes-200x300.jpg 200w, https:\/\/blog.sagradafamilia.org\/wp-content\/uploads\/2025\/03\/magranes-8x12.jpg 8w\" sizes=\"auto, (max-width: 683px) 100vw, 683px\" \/><button\n\t\t\tclass=\"lightbox-trigger\"\n\t\t\ttype=\"button\"\n\t\t\taria-haspopup=\"dialog\"\n\t\t\taria-label=\"Agrandar\"\n\t\t\tdata-wp-init=\"callbacks.initTriggerButton\"\n\t\t\tdata-wp-on--click=\"actions.showLightbox\"\n\t\t\tdata-wp-style--right=\"state.imageButtonRight\"\n\t\t\tdata-wp-style--top=\"state.imageButtonTop\"\n\t\t>\n\t\t\t<svg xmlns=\"http:\/\/www.w3.org\/2000\/svg\" width=\"12\" height=\"12\" fill=\"none\" viewbox=\"0 0 12 12\">\n\t\t\t\t<path fill=\"#fff\" d=\"M2 0a2 2 0 0 0-2 2v2h1.5V2a.5.5 0 0 1 .5-.5h2V0H2Zm2 10.5H2a.5.5 0 0 1-.5-.5V8H0v2a2 2 0 0 0 2 2h2v-1.5ZM8 12v-1.5h2a.5.5 0 0 0 .5-.5V8H12v2a2 2 0 0 1-2 2H8Zm2-12a2 2 0 0 1 2 2v2h-1.5V2a.5.5 0 0 0-.5-.5H8V0h2Z\" \/>\n\t\t\t<\/svg>\n\t\t<\/button><figcaption class=\"wp-element-caption\">Granadas<\/figcaption><\/figure>\n<\/div>\n<\/div>\n\n\n\n<p>Las frutas nos remiten a la Jerusal\u00e9n celestial, donde el \u00e1rbol de la vida produce una cosecha para cada uno de los meses del a\u00f1o, y a las cosechas que antiguamente presentaban los agricultores en forma de ofrenda en el altar antes de la consagraci\u00f3n.<\/p>\n\n\n\n<p class=\"translation-block\">Tambi\u00e9n son una <strong>representaci\u00f3n de las buenas obras de los hombres y mujeres inspiradas en el Esp\u00edritu Santo<\/strong>. En torno a los ventanales inferiores, se encuentran las hojas del \u00e1rbol frutal con las frutas que todav\u00eda est\u00e1n en el \u00e1rbol. Estas frutas son verdes, porque las buenas obras a\u00fan se est\u00e1n gestando. En cambio, un poco m\u00e1s arriba, las frutas recogidas en la cesta ya est\u00e1n maduras, porque las buenas obras ya han madurado y han acabado dando su fruto, momento en el que las hojas del \u00e1rbol caen por las superficies de los frontones. Igualmente, entre los ventanales ojivales y los frontones aparecen las figuras de los santos, fundadores de las principales \u00f3rdenes religiosas, ejemplo de las buenas obras (ver infograf\u00eda).<\/p>\n\n\n\n<figure data-wp-context=\"{&quot;imageId&quot;:&quot;69f29c6270751&quot;}\" data-wp-interactive=\"core\/image\" data-wp-key=\"69f29c6270751\" class=\"wp-block-image size-full wp-lightbox-container\"><img loading=\"lazy\" decoding=\"async\" width=\"1024\" height=\"500\" data-wp-class--hide=\"state.isContentHidden\" data-wp-class--show=\"state.isContentVisible\" data-wp-init=\"callbacks.setButtonStyles\" data-wp-on--click=\"actions.showLightbox\" data-wp-on--load=\"callbacks.setButtonStyles\" data-wp-on-window--resize=\"callbacks.setButtonStyles\" src=\"https:\/\/blog.sagradafamilia.org\/wp-content\/uploads\/2025\/03\/SF25_BLOG_Article-Fruits_CAST.jpg\" alt=\"\" class=\"wp-image-3980\" srcset=\"https:\/\/blog.sagradafamilia.org\/wp-content\/uploads\/2025\/03\/SF25_BLOG_Article-Fruits_CAST.jpg 1024w, https:\/\/blog.sagradafamilia.org\/wp-content\/uploads\/2025\/03\/SF25_BLOG_Article-Fruits_CAST-300x146.jpg 300w, https:\/\/blog.sagradafamilia.org\/wp-content\/uploads\/2025\/03\/SF25_BLOG_Article-Fruits_CAST-768x375.jpg 768w, https:\/\/blog.sagradafamilia.org\/wp-content\/uploads\/2025\/03\/SF25_BLOG_Article-Fruits_CAST-18x9.jpg 18w\" sizes=\"auto, (max-width: 1024px) 100vw, 1024px\" \/><button\n\t\t\tclass=\"lightbox-trigger\"\n\t\t\ttype=\"button\"\n\t\t\taria-haspopup=\"dialog\"\n\t\t\taria-label=\"Agrandar\"\n\t\t\tdata-wp-init=\"callbacks.initTriggerButton\"\n\t\t\tdata-wp-on--click=\"actions.showLightbox\"\n\t\t\tdata-wp-style--right=\"state.imageButtonRight\"\n\t\t\tdata-wp-style--top=\"state.imageButtonTop\"\n\t\t>\n\t\t\t<svg xmlns=\"http:\/\/www.w3.org\/2000\/svg\" width=\"12\" height=\"12\" fill=\"none\" viewbox=\"0 0 12 12\">\n\t\t\t\t<path fill=\"#fff\" d=\"M2 0a2 2 0 0 0-2 2v2h1.5V2a.5.5 0 0 1 .5-.5h2V0H2Zm2 10.5H2a.5.5 0 0 1-.5-.5V8H0v2a2 2 0 0 0 2 2h2v-1.5ZM8 12v-1.5h2a.5.5 0 0 0 .5-.5V8H12v2a2 2 0 0 1-2 2H8Zm2-12a2 2 0 0 1 2 2v2h-1.5V2a.5.5 0 0 0-.5-.5H8V0h2Z\" \/>\n\t\t\t<\/svg>\n\t\t<\/button><\/figure>\n\n\n\n<p class=\"has-text-align-center has-small-font-size translation-block\">Vista general de la fachada lateral de poniente (izquierda)<br>Paneras con naranjas y casta\u00f1as, las hojas de sus \u00e1rboles caen por las superficies de los frontones (derecha)<\/p>\n\n\n\n<p class=\"translation-block\">Los terminales de las frutas de los ventanales de las naves laterales est\u00e1n hechos de <a href=\"https:\/\/blog.sagradafamilia.org\/es\/trencadis-marca-gaudi\/\" data-type=\"link\"><strong>'trencad\u00eds' de cer\u00e1mica<\/strong><\/a>. Los ejecut\u00f3 <strong>Etsuro Sotoo <\/strong>siguiendo una<strong> maqueta original de Antoni Gaud\u00ed<\/strong>, la cual se conserva en la colecci\u00f3n de la Fundaci\u00f3n de la Sagrada Familia.<\/p>\n\n\n\n<figure data-wp-context=\"{&quot;imageId&quot;:&quot;69f29c6270caa&quot;}\" data-wp-interactive=\"core\/image\" data-wp-key=\"69f29c6270caa\" class=\"wp-block-image aligncenter size-full is-resized wp-lightbox-container\"><img loading=\"lazy\" decoding=\"async\" width=\"683\" height=\"1024\" data-wp-class--hide=\"state.isContentHidden\" data-wp-class--show=\"state.isContentVisible\" data-wp-init=\"callbacks.setButtonStyles\" data-wp-on--click=\"actions.showLightbox\" data-wp-on--load=\"callbacks.setButtonStyles\" data-wp-on-window--resize=\"callbacks.setButtonStyles\" src=\"https:\/\/blog.sagradafamilia.org\/wp-content\/uploads\/2025\/03\/maqueta-de-panera-fruites-de-Gaudi.jpg\" alt=\"\" class=\"wp-image-3960\" style=\"width:284px;height:auto\" srcset=\"https:\/\/blog.sagradafamilia.org\/wp-content\/uploads\/2025\/03\/maqueta-de-panera-fruites-de-Gaudi.jpg 683w, https:\/\/blog.sagradafamilia.org\/wp-content\/uploads\/2025\/03\/maqueta-de-panera-fruites-de-Gaudi-200x300.jpg 200w, https:\/\/blog.sagradafamilia.org\/wp-content\/uploads\/2025\/03\/maqueta-de-panera-fruites-de-Gaudi-8x12.jpg 8w\" sizes=\"auto, (max-width: 683px) 100vw, 683px\" \/><button\n\t\t\tclass=\"lightbox-trigger\"\n\t\t\ttype=\"button\"\n\t\t\taria-haspopup=\"dialog\"\n\t\t\taria-label=\"Agrandar\"\n\t\t\tdata-wp-init=\"callbacks.initTriggerButton\"\n\t\t\tdata-wp-on--click=\"actions.showLightbox\"\n\t\t\tdata-wp-style--right=\"state.imageButtonRight\"\n\t\t\tdata-wp-style--top=\"state.imageButtonTop\"\n\t\t>\n\t\t\t<svg xmlns=\"http:\/\/www.w3.org\/2000\/svg\" width=\"12\" height=\"12\" fill=\"none\" viewbox=\"0 0 12 12\">\n\t\t\t\t<path fill=\"#fff\" d=\"M2 0a2 2 0 0 0-2 2v2h1.5V2a.5.5 0 0 1 .5-.5h2V0H2Zm2 10.5H2a.5.5 0 0 1-.5-.5V8H0v2a2 2 0 0 0 2 2h2v-1.5ZM8 12v-1.5h2a.5.5 0 0 0 .5-.5V8H12v2a2 2 0 0 1-2 2H8Zm2-12a2 2 0 0 1 2 2v2h-1.5V2a.5.5 0 0 0-.5-.5H8V0h2Z\" \/>\n\t\t\t<\/svg>\n\t\t<\/button><figcaption class=\"wp-element-caption\">Maqueta de un terminal de frutas de los ventanales de las naves laterales. Autor: Antoni Gaud\u00ed. Fecha: 1918-1922<\/figcaption><\/figure>\n\n\n\n<h2 class=\"wp-block-heading\">Frutas de la nave central<\/h2>\n\n\n\n<p class=\"translation-block\">En un nivel superior del templo, en las fachadas de la nave central, encontramos el mismo tipo de acabado (front\u00f3n triangular y decoraci\u00f3n de cer\u00e1mica en la parte superior). Aqu\u00ed es donde se encuentran las  <strong>ofrendas eucar\u00edsticas: el pan sagrado y el c\u00e1liz de vino<\/strong>, tambi\u00e9n realizadas por Sotoo. El pan se eleva por encima de un ramo de espigas de trigo, haciendo referencia tambi\u00e9n a la cosecha que lo origina, y que tiene alg\u00fan toque rojo a modo de representaci\u00f3n de las amapolas que, a menudo, se ven en los campos de trigo. El c\u00e1liz de vino se eleva por encima de una cepa de uva. El pan y el vino se van alternando, aunque en el caso del c\u00e1liz de vino no hay repetici\u00f3n, sino que se alternan las diferentes variedades de uva: negra, blanca y moscatel, con tonos dorados.<\/p>\n\n\n\n<figure data-wp-context=\"{&quot;imageId&quot;:&quot;69f29c62712fe&quot;}\" data-wp-interactive=\"core\/image\" data-wp-key=\"69f29c62712fe\" class=\"wp-block-image aligncenter size-full is-resized wp-lightbox-container\"><img loading=\"lazy\" decoding=\"async\" width=\"635\" height=\"653\" data-wp-class--hide=\"state.isContentHidden\" data-wp-class--show=\"state.isContentVisible\" data-wp-init=\"callbacks.setButtonStyles\" data-wp-on--click=\"actions.showLightbox\" data-wp-on--load=\"callbacks.setButtonStyles\" data-wp-on-window--resize=\"callbacks.setButtonStyles\" src=\"https:\/\/blog.sagradafamilia.org\/wp-content\/uploads\/2025\/03\/ofrena-eucaristica-blat.jpg\" alt=\"\" class=\"wp-image-3962\" style=\"width:350px;height:auto\" srcset=\"https:\/\/blog.sagradafamilia.org\/wp-content\/uploads\/2025\/03\/ofrena-eucaristica-blat.jpg 635w, https:\/\/blog.sagradafamilia.org\/wp-content\/uploads\/2025\/03\/ofrena-eucaristica-blat-292x300.jpg 292w, https:\/\/blog.sagradafamilia.org\/wp-content\/uploads\/2025\/03\/ofrena-eucaristica-blat-12x12.jpg 12w\" sizes=\"auto, (max-width: 635px) 100vw, 635px\" \/><button\n\t\t\tclass=\"lightbox-trigger\"\n\t\t\ttype=\"button\"\n\t\t\taria-haspopup=\"dialog\"\n\t\t\taria-label=\"Agrandar\"\n\t\t\tdata-wp-init=\"callbacks.initTriggerButton\"\n\t\t\tdata-wp-on--click=\"actions.showLightbox\"\n\t\t\tdata-wp-style--right=\"state.imageButtonRight\"\n\t\t\tdata-wp-style--top=\"state.imageButtonTop\"\n\t\t>\n\t\t\t<svg xmlns=\"http:\/\/www.w3.org\/2000\/svg\" width=\"12\" height=\"12\" fill=\"none\" viewbox=\"0 0 12 12\">\n\t\t\t\t<path fill=\"#fff\" d=\"M2 0a2 2 0 0 0-2 2v2h1.5V2a.5.5 0 0 1 .5-.5h2V0H2Zm2 10.5H2a.5.5 0 0 1-.5-.5V8H0v2a2 2 0 0 0 2 2h2v-1.5ZM8 12v-1.5h2a.5.5 0 0 0 .5-.5V8H12v2a2 2 0 0 1-2 2H8Zm2-12a2 2 0 0 1 2 2v2h-1.5V2a.5.5 0 0 0-.5-.5H8V0h2Z\" \/>\n\t\t\t<\/svg>\n\t\t<\/button><figcaption class=\"wp-element-caption\">El pan sagrado se alza sobre espigas de trigo y amapolas<\/figcaption><\/figure>\n\n\n\n<div class=\"wp-block-columns is-layout-flex wp-container-core-columns-is-layout-9d6595d7 wp-block-columns-is-layout-flex\">\n<div class=\"wp-block-column is-layout-flow wp-block-column-is-layout-flow\">\n<figure data-wp-context=\"{&quot;imageId&quot;:&quot;69f29c627184d&quot;}\" data-wp-interactive=\"core\/image\" data-wp-key=\"69f29c627184d\" class=\"wp-block-image aligncenter size-full is-resized wp-lightbox-container\"><img loading=\"lazy\" decoding=\"async\" width=\"683\" height=\"1024\" data-wp-class--hide=\"state.isContentHidden\" data-wp-class--show=\"state.isContentVisible\" data-wp-init=\"callbacks.setButtonStyles\" data-wp-on--click=\"actions.showLightbox\" data-wp-on--load=\"callbacks.setButtonStyles\" data-wp-on-window--resize=\"callbacks.setButtonStyles\" src=\"https:\/\/blog.sagradafamilia.org\/wp-content\/uploads\/2025\/03\/ofrena-raim-blanc.jpg\" alt=\"\" class=\"wp-image-3963\" style=\"width:249px;height:auto\" srcset=\"https:\/\/blog.sagradafamilia.org\/wp-content\/uploads\/2025\/03\/ofrena-raim-blanc.jpg 683w, https:\/\/blog.sagradafamilia.org\/wp-content\/uploads\/2025\/03\/ofrena-raim-blanc-200x300.jpg 200w, https:\/\/blog.sagradafamilia.org\/wp-content\/uploads\/2025\/03\/ofrena-raim-blanc-8x12.jpg 8w\" sizes=\"auto, (max-width: 683px) 100vw, 683px\" \/><button\n\t\t\tclass=\"lightbox-trigger\"\n\t\t\ttype=\"button\"\n\t\t\taria-haspopup=\"dialog\"\n\t\t\taria-label=\"Agrandar\"\n\t\t\tdata-wp-init=\"callbacks.initTriggerButton\"\n\t\t\tdata-wp-on--click=\"actions.showLightbox\"\n\t\t\tdata-wp-style--right=\"state.imageButtonRight\"\n\t\t\tdata-wp-style--top=\"state.imageButtonTop\"\n\t\t>\n\t\t\t<svg xmlns=\"http:\/\/www.w3.org\/2000\/svg\" width=\"12\" height=\"12\" fill=\"none\" viewbox=\"0 0 12 12\">\n\t\t\t\t<path fill=\"#fff\" d=\"M2 0a2 2 0 0 0-2 2v2h1.5V2a.5.5 0 0 1 .5-.5h2V0H2Zm2 10.5H2a.5.5 0 0 1-.5-.5V8H0v2a2 2 0 0 0 2 2h2v-1.5ZM8 12v-1.5h2a.5.5 0 0 0 .5-.5V8H12v2a2 2 0 0 1-2 2H8Zm2-12a2 2 0 0 1 2 2v2h-1.5V2a.5.5 0 0 0-.5-.5H8V0h2Z\" \/>\n\t\t\t<\/svg>\n\t\t<\/button><figcaption class=\"wp-element-caption\">El c\u00e1liz sobre racimos de uva blanca<\/figcaption><\/figure>\n<\/div>\n\n\n\n<div class=\"wp-block-column is-layout-flow wp-block-column-is-layout-flow\">\n<figure data-wp-context=\"{&quot;imageId&quot;:&quot;69f29c6271e32&quot;}\" data-wp-interactive=\"core\/image\" data-wp-key=\"69f29c6271e32\" class=\"wp-block-image aligncenter size-full is-resized wp-lightbox-container\"><img loading=\"lazy\" decoding=\"async\" width=\"683\" height=\"1024\" data-wp-class--hide=\"state.isContentHidden\" data-wp-class--show=\"state.isContentVisible\" data-wp-init=\"callbacks.setButtonStyles\" data-wp-on--click=\"actions.showLightbox\" data-wp-on--load=\"callbacks.setButtonStyles\" data-wp-on-window--resize=\"callbacks.setButtonStyles\" src=\"https:\/\/blog.sagradafamilia.org\/wp-content\/uploads\/2025\/03\/ofrena-raim-negre.jpg\" alt=\"\" class=\"wp-image-3964\" style=\"width:249px;height:auto\" srcset=\"https:\/\/blog.sagradafamilia.org\/wp-content\/uploads\/2025\/03\/ofrena-raim-negre.jpg 683w, https:\/\/blog.sagradafamilia.org\/wp-content\/uploads\/2025\/03\/ofrena-raim-negre-200x300.jpg 200w, https:\/\/blog.sagradafamilia.org\/wp-content\/uploads\/2025\/03\/ofrena-raim-negre-8x12.jpg 8w\" sizes=\"auto, (max-width: 683px) 100vw, 683px\" \/><button\n\t\t\tclass=\"lightbox-trigger\"\n\t\t\ttype=\"button\"\n\t\t\taria-haspopup=\"dialog\"\n\t\t\taria-label=\"Agrandar\"\n\t\t\tdata-wp-init=\"callbacks.initTriggerButton\"\n\t\t\tdata-wp-on--click=\"actions.showLightbox\"\n\t\t\tdata-wp-style--right=\"state.imageButtonRight\"\n\t\t\tdata-wp-style--top=\"state.imageButtonTop\"\n\t\t>\n\t\t\t<svg xmlns=\"http:\/\/www.w3.org\/2000\/svg\" width=\"12\" height=\"12\" fill=\"none\" viewbox=\"0 0 12 12\">\n\t\t\t\t<path fill=\"#fff\" d=\"M2 0a2 2 0 0 0-2 2v2h1.5V2a.5.5 0 0 1 .5-.5h2V0H2Zm2 10.5H2a.5.5 0 0 1-.5-.5V8H0v2a2 2 0 0 0 2 2h2v-1.5ZM8 12v-1.5h2a.5.5 0 0 0 .5-.5V8H12v2a2 2 0 0 1-2 2H8Zm2-12a2 2 0 0 1 2 2v2h-1.5V2a.5.5 0 0 0-.5-.5H8V0h2Z\" \/>\n\t\t\t<\/svg>\n\t\t<\/button><figcaption class=\"wp-element-caption\">El c\u00e1liz sobre racimos de uva negra<\/figcaption><\/figure>\n<\/div>\n\n\n\n<div class=\"wp-block-column is-layout-flow wp-block-column-is-layout-flow\">\n<figure data-wp-context=\"{&quot;imageId&quot;:&quot;69f29c627244e&quot;}\" data-wp-interactive=\"core\/image\" data-wp-key=\"69f29c627244e\" class=\"wp-block-image aligncenter size-full is-resized wp-lightbox-container\"><img loading=\"lazy\" decoding=\"async\" width=\"683\" height=\"1024\" data-wp-class--hide=\"state.isContentHidden\" data-wp-class--show=\"state.isContentVisible\" data-wp-init=\"callbacks.setButtonStyles\" data-wp-on--click=\"actions.showLightbox\" data-wp-on--load=\"callbacks.setButtonStyles\" data-wp-on-window--resize=\"callbacks.setButtonStyles\" src=\"https:\/\/blog.sagradafamilia.org\/wp-content\/uploads\/2025\/03\/raim-moscatell.jpg\" alt=\"\" class=\"wp-image-3969\" style=\"width:247px;height:auto\" srcset=\"https:\/\/blog.sagradafamilia.org\/wp-content\/uploads\/2025\/03\/raim-moscatell.jpg 683w, https:\/\/blog.sagradafamilia.org\/wp-content\/uploads\/2025\/03\/raim-moscatell-200x300.jpg 200w, https:\/\/blog.sagradafamilia.org\/wp-content\/uploads\/2025\/03\/raim-moscatell-8x12.jpg 8w\" sizes=\"auto, (max-width: 683px) 100vw, 683px\" \/><button\n\t\t\tclass=\"lightbox-trigger\"\n\t\t\ttype=\"button\"\n\t\t\taria-haspopup=\"dialog\"\n\t\t\taria-label=\"Agrandar\"\n\t\t\tdata-wp-init=\"callbacks.initTriggerButton\"\n\t\t\tdata-wp-on--click=\"actions.showLightbox\"\n\t\t\tdata-wp-style--right=\"state.imageButtonRight\"\n\t\t\tdata-wp-style--top=\"state.imageButtonTop\"\n\t\t>\n\t\t\t<svg xmlns=\"http:\/\/www.w3.org\/2000\/svg\" width=\"12\" height=\"12\" fill=\"none\" viewbox=\"0 0 12 12\">\n\t\t\t\t<path fill=\"#fff\" d=\"M2 0a2 2 0 0 0-2 2v2h1.5V2a.5.5 0 0 1 .5-.5h2V0H2Zm2 10.5H2a.5.5 0 0 1-.5-.5V8H0v2a2 2 0 0 0 2 2h2v-1.5ZM8 12v-1.5h2a.5.5 0 0 0 .5-.5V8H12v2a2 2 0 0 1-2 2H8Zm2-12a2 2 0 0 1 2 2v2h-1.5V2a.5.5 0 0 0-.5-.5H8V0h2Z\" \/>\n\t\t\t<\/svg>\n\t\t<\/button><figcaption class=\"wp-element-caption\">El c\u00e1liz sobre racimos de uva moscatel<\/figcaption><\/figure>\n<\/div>\n<\/div>\n\n\n\n<p class=\"has-text-align-left translation-block\">Acabamos este art\u00edculo con una reflexi\u00f3n que Joan Berg\u00f3s, disc\u00edpulo de Antoni Gaud\u00ed, escuch\u00f3 decir al maestro y que expresa en su libro <em>Gaud\u00ed. El hombre y la obra<\/em>, una muestra m\u00e1s de c\u00f3mo la naturaleza era una fuente de inspiraci\u00f3n en todo lo que hac\u00eda:<\/p>\n\n\n\n<p class=\"has-text-align-center has-medium-font-size\"><strong>\u00abLa pintura por medio de los colores y la escultura mediante la forma expresan los organismos existentes: figuras, \u00e1rboles, frutas... expresando la interioridad a trav\u00e9s de la exterioridad. La arquitectura crea el organismo, y por ello este debe tener una ley en consonancia con las de la naturaleza\u00bb.<\/strong><\/p>\n\n\n\n<p class=\"has-text-align-center has-vivid-red-color has-text-color has-link-color has-small-font-size wp-elements-1e6a8c08e76ab038476b1a511c117ed6 translation-block\">Joan Berg\u00f3s \u2013 <em>Gaud\u00ed. El hombre y la obra <\/em>. P\u00e1gina 38<\/p>\n\n\n\n<p><\/p>","protected":false},"excerpt":{"rendered":"<p>Sab\u00edeu que fruites com la cirera, el pr\u00e9ssec o la taronja s\u00f3n presents a la Sagrada Fam\u00edlia?<\/p>","protected":false},"author":10,"featured_media":3956,"comment_status":"open","ping_status":"open","sticky":false,"template":"","format":"standard","meta":{"footnotes":""},"categories":[22],"tags":[16,57,112],"class_list":["post-3945","post","type-post","status-publish","format-standard","has-post-thumbnail","hentry","category-simbologia","tag-gaudi","tag-simbologia","tag-trencadis"],"_links":{"self":[{"href":"https:\/\/blog.sagradafamilia.org\/es\/wp-json\/wp\/v2\/posts\/3945","targetHints":{"allow":["GET"]}}],"collection":[{"href":"https:\/\/blog.sagradafamilia.org\/es\/wp-json\/wp\/v2\/posts"}],"about":[{"href":"https:\/\/blog.sagradafamilia.org\/es\/wp-json\/wp\/v2\/types\/post"}],"author":[{"embeddable":true,"href":"https:\/\/blog.sagradafamilia.org\/es\/wp-json\/wp\/v2\/users\/10"}],"replies":[{"embeddable":true,"href":"https:\/\/blog.sagradafamilia.org\/es\/wp-json\/wp\/v2\/comments?post=3945"}],"version-history":[{"count":1,"href":"https:\/\/blog.sagradafamilia.org\/es\/wp-json\/wp\/v2\/posts\/3945\/revisions"}],"predecessor-version":[{"id":6531,"href":"https:\/\/blog.sagradafamilia.org\/es\/wp-json\/wp\/v2\/posts\/3945\/revisions\/6531"}],"wp:featuredmedia":[{"embeddable":true,"href":"https:\/\/blog.sagradafamilia.org\/es\/wp-json\/wp\/v2\/media\/3956"}],"wp:attachment":[{"href":"https:\/\/blog.sagradafamilia.org\/es\/wp-json\/wp\/v2\/media?parent=3945"}],"wp:term":[{"taxonomy":"category","embeddable":true,"href":"https:\/\/blog.sagradafamilia.org\/es\/wp-json\/wp\/v2\/categories?post=3945"},{"taxonomy":"post_tag","embeddable":true,"href":"https:\/\/blog.sagradafamilia.org\/es\/wp-json\/wp\/v2\/tags?post=3945"}],"curies":[{"name":"wp","href":"https:\/\/api.w.org\/{rel}","templated":true}]}}