{"id":3216,"date":"2025-03-07T10:34:48","date_gmt":"2025-03-07T09:34:48","guid":{"rendered":"https:\/\/blog.sagradafamilia.org\/?p=3216"},"modified":"2025-03-26T13:55:51","modified_gmt":"2025-03-26T12:55:51","slug":"que-sagrada-familia-tendriamos-hoy-si-gaudi","status":"publish","type":"post","link":"https:\/\/blog.sagradafamilia.org\/es\/quina-sagrada-familia-tindriem-avui-si-gaudi-no-hagues-assumit-el-projecte\/","title":{"rendered":"Qu\u00e9 Sagrada Familia tendr\u00edamos hoy si Gaud\u00ed no hubiese asumido el proyecto?\u00a0"},"content":{"rendered":"<p>Aunque la Bas\u00edlica de la Sagrada Familia est\u00e1 necesariamente ligada a la figura de Antoni Gaud\u00ed, este no fue nombrado arquitecto del proyecto hasta 1883, un a\u00f1o despu\u00e9s de que se pusiese la primera piedra y solamente tras la dimisi\u00f3n del cargo de Francisco de Paula del Villar y Lozano. Estas circunstancias condicionaron de forma decisiva que la Bas\u00edlica sea como es ahora.&nbsp;<\/p>\n\n\n\n<p><strong>EL PROMOTOR DEL TEMPLO<\/strong>&nbsp;<\/p>\n\n\n\n<p class=\"translation-block\">La construcci\u00f3n de la Bas\u00edlica de la Sagrada Familia nace de la iniciativa del librero barcelon\u00e9s y hombre de fervorosa fe cat\u00f3lica\u202f<strong>Josep Maria Bocabella i Verdaguer<\/strong>,\u202fquien\u202f <strong>funda la Asociaci\u00f3n de Devotos de San Jos\u00e9<\/strong>\u202fen 1866 con el fin de fomentar los valores de la familia cristiana. Cuatro a\u00f1os m\u00e1s tarde, viaja a Roma para obsequiar al papa P\u00edo IX con una imagen en plata de la Sagrada Familia y, a la vuelta,<strong>\u202fdescubre en Loreto el santuario que acoge<\/strong>\u202fla Santa Casa,<strong>\u202fla residencia en la que, seg\u00fan la tradici\u00f3n, vivi\u00f3 la Sagrada Familia<\/strong>\u202fy que, supuestamente, se traslad\u00f3 en el siglo XIII desde Nazaret hasta esta localidad italiana. Bocabella se qued\u00f3 maravillado con los fundamentos simb\u00f3licos y art\u00edsticos del santuario, que le inspiraron la idea\u202fde construir en Barcelona una r\u00e9plica. As\u00ed es como se engendra la Bas\u00edlica de la Sagrada Familia.<\/p>\n\n\n\n<p><strong>EL PROYECTO ORIGINAL: EL TEMPLO NEOG\u00d3TICO DE VILLAR<\/strong>&nbsp;<\/p>\n\n\n\n<p class=\"translation-block\">Bocabella <strong>encarg\u00f3 el proyecto al arquitecto diocesano Francisco de Paula del Villar y Lozano<\/strong>, quien se hab\u00eda ofrecido a trabajar sin cobrar honorarios. Era una \u00e9poca de enorme vitalidad social, econ\u00f3mica y cultural en Barcelona. Y era, adem\u00e1s, un momento hist\u00f3rico complicado para el cristianismo en Europa. Es en este contexto en el que Bocabella, con la intenci\u00f3n de recuperar la espiritualidad del pueblo, decidi\u00f3 que el templo que quer\u00eda construir y que ser\u00eda financiado con las aportaciones de los fieles de la Asociaci\u00f3n de Devotos de San Jos\u00e9 en un solar del Eixample, deb\u00eda ser una construcci\u00f3n contundente que transmitiese paz a la ciudadan\u00eda.<\/p>\n\n\n\n<p class=\"translation-block\">Aunque so\u00f1aba con construir una r\u00e9plica exacta del santuario de Loreto, del Villar lo convenci\u00f3 para descartar la idea y \u202fedificar un <strong>templo neog\u00f3tico, de acuerdo con las tendencias del momento<\/strong> pero manteniendo la intenci\u00f3n de monumentalidad de Bocabella.<\/p>\n\n\n\n<p>El proyecto de del Villar se inspiraba en las grandes catedrales medievales y preve\u00eda edificar una iglesia de tres naves con planta de cruz latina, una cripta de dimensiones notables, un \u00e1bside con siete capillas y un campanario de aguja que, situado sobre el p\u00f3rtico, deber\u00eda llegar a los 85 metros de altura. Esta verticalidad, unida al dise\u00f1o de contrafuertes exteriores y grandes ventanales alveolados, aportaba una clara identidad g\u00f3tica al edificio.&nbsp;<\/p>\n\n\n\n<p class=\"translation-block\"><strong>La primera piedra se coloc\u00f3 el 19 de marzo de 1882,<\/strong> D\u00eda de San Jos\u00e9, y la construcci\u00f3n se inici\u00f3, como era costumbre, por los\u202f<strong>cimientos de la cripta.<\/strong><\/p>\n\n\n\n<figure data-wp-context=\"{&quot;imageId&quot;:&quot;69ef6e53bac69&quot;}\" data-wp-interactive=\"core\/image\" data-wp-key=\"69ef6e53bac69\" class=\"wp-block-image size-full is-resized wp-lightbox-container\"><img loading=\"lazy\" decoding=\"async\" width=\"768\" height=\"555\" data-wp-class--hide=\"state.isContentHidden\" data-wp-class--show=\"state.isContentVisible\" data-wp-init=\"callbacks.setButtonStyles\" data-wp-on--click=\"actions.showLightbox\" data-wp-on--load=\"callbacks.setButtonStyles\" data-wp-on-window--resize=\"callbacks.setButtonStyles\" src=\"https:\/\/blog.sagradafamilia.org\/wp-content\/uploads\/2025\/03\/016-768x555-1.jpg\" alt=\"Qu\u00e9 Sagrada Familia tendr\u00edamos hoy si Gaud\u00ed no hubiese asumido el proyecto? \" class=\"wp-image-3218\" style=\"width:840px;height:auto\" srcset=\"https:\/\/blog.sagradafamilia.org\/wp-content\/uploads\/2025\/03\/016-768x555-1.jpg 768w, https:\/\/blog.sagradafamilia.org\/wp-content\/uploads\/2025\/03\/016-768x555-1-300x217.jpg 300w, https:\/\/blog.sagradafamilia.org\/wp-content\/uploads\/2025\/03\/016-768x555-1-18x12.jpg 18w\" sizes=\"auto, (max-width: 768px) 100vw, 768px\" \/><button\n\t\t\tclass=\"lightbox-trigger\"\n\t\t\ttype=\"button\"\n\t\t\taria-haspopup=\"dialog\"\n\t\t\taria-label=\"Agrandar\"\n\t\t\tdata-wp-init=\"callbacks.initTriggerButton\"\n\t\t\tdata-wp-on--click=\"actions.showLightbox\"\n\t\t\tdata-wp-style--right=\"state.imageButtonRight\"\n\t\t\tdata-wp-style--top=\"state.imageButtonTop\"\n\t\t>\n\t\t\t<svg xmlns=\"http:\/\/www.w3.org\/2000\/svg\" width=\"12\" height=\"12\" fill=\"none\" viewbox=\"0 0 12 12\">\n\t\t\t\t<path fill=\"#fff\" d=\"M2 0a2 2 0 0 0-2 2v2h1.5V2a.5.5 0 0 1 .5-.5h2V0H2Zm2 10.5H2a.5.5 0 0 1-.5-.5V8H0v2a2 2 0 0 0 2 2h2v-1.5ZM8 12v-1.5h2a.5.5 0 0 0 .5-.5V8H12v2a2 2 0 0 1-2 2H8Zm2-12a2 2 0 0 1 2 2v2h-1.5V2a.5.5 0 0 0-.5-.5H8V0h2Z\" \/>\n\t\t\t<\/svg>\n\t\t<\/button><\/figure>\n\n\n\n<p><strong>LA DIMISI\u00d3N DE VILLAR\u2026<\/strong>&nbsp;<\/p>\n\n\n\n<p class=\"translation-block\"><strong>Un a\u00f1o m\u00e1s tarde<\/strong>, en 1883,<strong>\u202fsurgieron las primeras discrepancias<\/strong>\u202fentre el arquitecto del Villar y Bocabella y el principal asesor de este \u00faltimo, el arquitecto Joan Martorell. Del Villar quer\u00eda construir los pilares de la cripta con piedra totalmente maciza, haciendo de una sola pieza cada l\u00e1mina entre juntas horizontales, mientras que el promotor y Martorell consideraban que esta opci\u00f3n resultaba demasiado cara. \n\nLas divergencias terminar\u00edan con del Villar dimitiendo del cargo por primera vez en su carrera como arquitecto.\u202f<\/p>\n\n\n\n<p>Las divergencias terminar\u00edan con del Villar dimitiendo del cargo por primera vez en su carrera como arquitecto.\u202f&nbsp;<\/p>\n\n\n\n<p><strong>\u2026 Y LLEGA GAUD\u00cd<\/strong>&nbsp;<\/p>\n\n\n\n<p>Despu\u00e9s de la dimisi\u00f3n de del Villar, Bocabella ofreci\u00f3 la direcci\u00f3n de las obras a Martorell. Este declin\u00f3 la oferta por razones de delicadeza profesional y por su avanzada edad, pero propuso a su disc\u00edpulo m\u00e1s aventajado, Antoni Gaud\u00ed, de tan solo 31 a\u00f1os y que tambi\u00e9n hab\u00eda trabajado para del Villar.&nbsp;<\/p>\n\n\n\n<p class=\"translation-block\"><strong>Gaud\u00ed\u202ffue nombrado arquitecto del templo el 3 de noviembre de 1883\u202fy se encontr\u00f3\u202fcon una propuesta de proyecto elaborada y unas obras iniciadas: <\/strong>los cimientos de la cripta se hab\u00edan finalizado y las columnas ya alcanzaban la mitad de su altura.<\/p>\n\n\n\n<p>A pesar de ser un arquitecto joven con solo cinco a\u00f1os de experiencia, Gaud\u00ed asumi\u00f3 con seguridad y entusiasmo el desaf\u00edo que marcar\u00eda toda su carrera profesional hasta su muerte. Ya <strong>desde el comienzo se lament\u00f3 por no poder construir el templo<\/strong> sobre la diagonal del solar debido a su disposici\u00f3n y as\u00ed proyectarlo en una orientaci\u00f3n can\u00f3nica, es decir, hacia Jerusal\u00e9n: la cabecera de la cruz (el \u00e1bside) hacia la salida del sol y la de la puerta principal de acceso (los pies de la planta de cruz) hacia el ocaso. De todos modos, como las obras de la cripta ya estaban iniciadas no exist\u00eda otra opci\u00f3n que no fuese la de mantener la orientaci\u00f3n establecida por del Villar.&nbsp;<\/p>\n\n\n\n<p><strong>LA NUEVA CRIPTA<\/strong>&nbsp;<\/p>\n\n\n\n<p>A pesar de los contratiempos, Gaud\u00ed <strong>\u202fimpuso cambios.<\/strong>En la cripta aument\u00f3 la altura de las b\u00f3vedas y cambi\u00f3 los capiteles por unos m\u00e1s floridos y vegetales. Hizo abrir ventanales m\u00e1s grandes y mand\u00f3 excavar un foso perimetral en todo el entorno para mejorar la iluminaci\u00f3n y la ventilaci\u00f3n y evitar humedades. Todos estos cambios supon\u00edan signos de la influencia de la nueva mentalidad de una <strong>arquitectura higienista y preocupada por mejorar la comodidad de los espacios<\/strong>\u202fSin embargo,\u202f <strong>el cambio m\u00e1s significativo fue el de eliminar la escalera central de bajada y acceso a la cripta<\/strong>. La de del Villar era una escalera medieval que priorizaba la visita de los peregrinos hacia las reliquias expuestas en la cripta y no hacia el culto en la planta principal. Eliminar este vac\u00edo central del proyecto anterior, que solo consegu\u00eda separar el altar del pueblo, tambi\u00e9n supone un signo de\u202f <strong>\u202fla influencia de renovaci\u00f3n lit\u00fargica<\/strong> que se comenzaba a gestar en el pa\u00eds y se adelanta unos setenta a\u00f1os al esp\u00edritu del Concilio Vaticano II. El nuevo acceso a la cripta lo resolvi\u00f3 con dos escaleras de caracol en los laterales que, al mismo tiempo, serv\u00edan para acceder a las cotas m\u00e1s altas del templo.&nbsp;<\/p>\n\n\n\n<p>M\u00e1s all\u00e1 de la cripta, Gaud\u00ed tuvo que buscar soluciones a la disposici\u00f3n de la Bas\u00edlica heredada de del Villar, que, por ejemplo, fijaba<strong> la<\/strong>\u202f<strong>\u202fla fachada del templo a ras de calle,\u202falgo que no favorec\u00eda el espacio de recepci\u00f3n<\/strong> ante la puerta principal. Gaud\u00ed lo resolvi\u00f3 buscando espacio al otro lado de la calle y proyectando un puente y unas escalinatas que la atravesaran.&nbsp;<\/p>\n\n\n\n<figure data-wp-context=\"{&quot;imageId&quot;:&quot;69ef6e53bb389&quot;}\" data-wp-interactive=\"core\/image\" data-wp-key=\"69ef6e53bb389\" class=\"wp-block-image size-full is-resized wp-lightbox-container\"><img loading=\"lazy\" decoding=\"async\" width=\"768\" height=\"605\" data-wp-class--hide=\"state.isContentHidden\" data-wp-class--show=\"state.isContentVisible\" data-wp-init=\"callbacks.setButtonStyles\" data-wp-on--click=\"actions.showLightbox\" data-wp-on--load=\"callbacks.setButtonStyles\" data-wp-on-window--resize=\"callbacks.setButtonStyles\" src=\"https:\/\/blog.sagradafamilia.org\/wp-content\/uploads\/2025\/03\/f030100007copia-768x605-1.jpg\" alt=\"\" class=\"wp-image-3220\" style=\"width:840px;height:auto\" srcset=\"https:\/\/blog.sagradafamilia.org\/wp-content\/uploads\/2025\/03\/f030100007copia-768x605-1.jpg 768w, https:\/\/blog.sagradafamilia.org\/wp-content\/uploads\/2025\/03\/f030100007copia-768x605-1-300x236.jpg 300w, https:\/\/blog.sagradafamilia.org\/wp-content\/uploads\/2025\/03\/f030100007copia-768x605-1-15x12.jpg 15w\" sizes=\"auto, (max-width: 768px) 100vw, 768px\" \/><button\n\t\t\tclass=\"lightbox-trigger\"\n\t\t\ttype=\"button\"\n\t\t\taria-haspopup=\"dialog\"\n\t\t\taria-label=\"Agrandar\"\n\t\t\tdata-wp-init=\"callbacks.initTriggerButton\"\n\t\t\tdata-wp-on--click=\"actions.showLightbox\"\n\t\t\tdata-wp-style--right=\"state.imageButtonRight\"\n\t\t\tdata-wp-style--top=\"state.imageButtonTop\"\n\t\t>\n\t\t\t<svg xmlns=\"http:\/\/www.w3.org\/2000\/svg\" width=\"12\" height=\"12\" fill=\"none\" viewbox=\"0 0 12 12\">\n\t\t\t\t<path fill=\"#fff\" d=\"M2 0a2 2 0 0 0-2 2v2h1.5V2a.5.5 0 0 1 .5-.5h2V0H2Zm2 10.5H2a.5.5 0 0 1-.5-.5V8H0v2a2 2 0 0 0 2 2h2v-1.5ZM8 12v-1.5h2a.5.5 0 0 0 .5-.5V8H12v2a2 2 0 0 1-2 2H8Zm2-12a2 2 0 0 1 2 2v2h-1.5V2a.5.5 0 0 0-.5-.5H8V0h2Z\" \/>\n\t\t\t<\/svg>\n\t\t<\/button><figcaption class=\"wp-element-caption\">Qu\u00e9 Sagrada Familia tendr\u00edamos hoy si Gaud\u00ed no hubiese asumido el proyecto?<\/figcaption><\/figure>\n\n\n\n<p><strong>LA SAGRADA FAMILIA DE GAUD\u00cd<\/strong>&nbsp;<\/p>\n\n\n\n<p class=\"translation-block\">Gaud\u00ed\u202f<strong>cambi\u00f3 totalmente el proyecto de Villar en unas pocas semanas; no solo en el aspecto formal y estructural, sino en la magnitud y trascendencia de la obra.<\/strong> Plante\u00f3 la Sagrada Familia como\u202fu<strong>na gran Biblia de piedra<\/strong>\u202fen la que se explican toda la historia y los misterios de la fe cristiana. Se propuso alzar una edificaci\u00f3n de\u202fe<strong>normes dimensiones<\/strong> \u202fsobre una planta de cruz latina de cinco naves, transepto, \u00e1bside con deambulatorio, claustro de circunvalaci\u00f3n envolvente para grandes procesiones, doce campanarios, seis cimborrios y tres fachadas. Ide\u00f3 el proyecto con criterios geom\u00e9tricos y proporcionales y, adem\u00e1s, ambicionaba convertir el templo de la Sagrada Familia en\u202f<strong>un v\u00ednculo entre la tierra y el cielo.<\/strong> Fue Gaud\u00ed quien dise\u00f1\u00f3 el cimborrio de Jesucristo, el elemento que culmina la Bas\u00edlica\u202f<strong>con 172,5 metros de altura.<\/strong><\/p>\n\n\n\n<p class=\"translation-block\">No sabemos a ciencia cierta c\u00f3mo habr\u00eda sido el templo de la Sagrada Familia si del Villar hubiese finalizado su proyecto; y tampoco sabemos c\u00f3mo habr\u00eda sido si Gaud\u00ed hubiese dirigido el proyecto desde su comienzo. Lo que s\u00ed sabemos es <strong>que si del Villar quer\u00eda construir un templo contundente, Gaud\u00ed hizo uno superlativo<\/strong>, y que fue \u00e9l quien consigui\u00f3 unir fe y genio art\u00edstico para transformar la Bas\u00edlica de la Sagrada Familia en una obra maestra universal.<\/p>\n\n\n\n<p><\/p>","protected":false},"excerpt":{"rendered":"<p>Tot i que la Bas\u00edlica de la Sagrada Fam\u00edlia va necess\u00e0riament lligada a la figura d\u2019Antoni Gaud\u00ed, aquest no en va ser nomenat l\u2019arquitecte fins al 1883, un any despr\u00e9s que se\u2019n pos\u00e9s la primera pedra i despr\u00e9s que l\u2019arquitecte Francisco de Paula del Villar y Lozano dimit\u00eds del c\u00e0rrec. Aquestes circumst\u00e0ncies van condicionar de [&hellip;]<\/p>\n","protected":false},"author":10,"featured_media":3217,"comment_status":"open","ping_status":"open","sticky":false,"template":"","format":"standard","meta":{"footnotes":""},"categories":[19],"tags":[],"class_list":["post-3216","post","type-post","status-publish","format-standard","has-post-thumbnail","hentry","category-gaudi"],"_links":{"self":[{"href":"https:\/\/blog.sagradafamilia.org\/es\/wp-json\/wp\/v2\/posts\/3216","targetHints":{"allow":["GET"]}}],"collection":[{"href":"https:\/\/blog.sagradafamilia.org\/es\/wp-json\/wp\/v2\/posts"}],"about":[{"href":"https:\/\/blog.sagradafamilia.org\/es\/wp-json\/wp\/v2\/types\/post"}],"author":[{"embeddable":true,"href":"https:\/\/blog.sagradafamilia.org\/es\/wp-json\/wp\/v2\/users\/10"}],"replies":[{"embeddable":true,"href":"https:\/\/blog.sagradafamilia.org\/es\/wp-json\/wp\/v2\/comments?post=3216"}],"version-history":[{"count":0,"href":"https:\/\/blog.sagradafamilia.org\/es\/wp-json\/wp\/v2\/posts\/3216\/revisions"}],"wp:featuredmedia":[{"embeddable":true,"href":"https:\/\/blog.sagradafamilia.org\/es\/wp-json\/wp\/v2\/media\/3217"}],"wp:attachment":[{"href":"https:\/\/blog.sagradafamilia.org\/es\/wp-json\/wp\/v2\/media?parent=3216"}],"wp:term":[{"taxonomy":"category","embeddable":true,"href":"https:\/\/blog.sagradafamilia.org\/es\/wp-json\/wp\/v2\/categories?post=3216"},{"taxonomy":"post_tag","embeddable":true,"href":"https:\/\/blog.sagradafamilia.org\/es\/wp-json\/wp\/v2\/tags?post=3216"}],"curies":[{"name":"wp","href":"https:\/\/api.w.org\/{rel}","templated":true}]}}