{"id":2809,"date":"2019-06-13T05:04:43","date_gmt":"2019-06-13T03:04:43","guid":{"rendered":"https:\/\/blog.sagradafamilia.org\/?p=2525"},"modified":"2025-03-17T11:15:00","modified_gmt":"2025-03-17T10:15:00","slug":"que-sagrada-familia-dejo-gaudi","status":"publish","type":"post","link":"https:\/\/blog.sagradafamilia.org\/es\/quina-sagrada-familia-va-deixar-gaudi\/","title":{"rendered":"\u00bfQu\u00e9 Sagrada Fam\u00edlia dej\u00f3 a Gaud\u00ed al morir?"},"content":{"rendered":"<p>En la recta final de su vida, Gaud\u00ed ya hab\u00eda perdido muchos amigos y familiares. El \u00faltimo golpe que tuvo que encajar fue el del diagn\u00f3stico de un c\u00e1ncer incurable al jefe de los <a href=\"https:\/\/blog.sagradafamilia.org\/es\/els-oficis\/modelistes\/\" target=\"_blank\" rel=\"noopener\">modelistas<\/a>, Lloren\u00e7 Matamala, quien sent\u00eda un afecto muy especial por Gaud\u00ed. De hecho, durante los doce \u00faltimos a\u00f1os de su vida, Matamala se ofreci\u00f3 a acompa\u00f1arlo de noche para que no estuviese solo en la casa del Park G\u00fcell. Pero, desde que ingresaron al modelista en 1925, Gaud\u00ed ya no subi\u00f3 m\u00e1s a esta casa y decidi\u00f3 quedarse a vivir en la peque\u00f1a habitaci\u00f3n de su taller en la Sagrada Familia, ocupadas todas las horas del d\u00eda entre libros, modelos y planos enrollados.<\/p>\n<p>El 7 de junio de 1926 Gaud\u00ed estaba trabajando en unas l\u00e1mparas para la cripta y, al acabar la jornada y antes de dirigirse, como cada d\u00eda, a la iglesia de Sant Felip Neri, coment\u00f3 a uno de los operarios que le asist\u00edan: \u00abVicente, ma\u00f1ana venid temprano, que haremos cosas muy bonitas\u00bb. Sin embargo, Gaud\u00ed nunca lleg\u00f3 al barrio del centro de la ciudad en el que se encuentra esta iglesia, ya que lo atropell\u00f3 un tranv\u00eda mientras cruzaba la Gran Via a la altura de la calle de Bail\u00e8n. Lo llevaron al antiguo Hospital de la Santa Creu, no al m\u00e1s moderno con el que ya contaba la ciudad porque nadie reconoci\u00f3 al arquitecto,  y all\u00ed <strong>muri\u00f3 el 10 de junio, justo quince d\u00edas antes de cumplir los 74 a\u00f1os de edad.<\/strong>.<\/p>\n<p><a href=\"https:\/\/blog.sagradafamilia.org\/wp-content\/uploads\/2019\/06\/enterrament-gaudi.jpg\"><img loading=\"lazy\" decoding=\"async\" class=\"aligncenter wp-image-2159 size-full\" src=\"https:\/\/blog.sagradafamilia.org\/wp-content\/uploads\/2019\/06\/enterrament-gaudi.jpg\" alt=\"Sagrada Fam\u00edlia 2026\" width=\"514\" height=\"703\" \/><\/a><\/p>\n<p>El fat\u00eddico accidente con el tranv\u00eda le arrebat\u00f3 la vida y trunc\u00f3 su proceso creador en el templo, que a partir de entonces qued\u00f3 en manos de sus colaboradores m\u00e1s fieles. Entre los trabajos finalizados a su muerte, destaca<strong> el\u202fterminal del campanario de la torre de Bernab\u00e9<\/strong>,  situada en el extremo de la fachada del Nacimiento m\u00e1s pr\u00f3ximo a la calle de Mallorca, y cuyas obras se terminaron en noviembre de 1925. Las otras tres torres de esta fachada hab\u00edan ido subiendo de manera simult\u00e1nea y les faltaba poco para ser finalizadas. Adem\u00e1s, Gaud\u00ed tambi\u00e9n hab\u00eda dejado lista la maqueta completa de la fachada en su \u00faltima versi\u00f3n. Pero, \u00bfc\u00f3mo se encontraba el resto del proyecto en aquel momento? Lo recordamos esta semana, 93 a\u00f1os despu\u00e9s de la muerte de Gaud\u00ed.<\/p>\n<p style=\"text-align: center;\"><a href=\"https:\/\/blog.sagradafamilia.org\/wp-content\/uploads\/2019\/06\/arxiu-mas.jpg\"><img loading=\"lazy\" decoding=\"async\" class=\"aligncenter wp-image-2159 size-full\" src=\"https:\/\/blog.sagradafamilia.org\/wp-content\/uploads\/2019\/06\/arxiu-mas.jpg\" alt=\"Sagrada Fam\u00edlia 2026\" width=\"514\" height=\"703\" \/><\/a>Font: Arxiu Mas<\/p>\n<p>&nbsp;<\/p>\n<p>&nbsp;<\/p>\n<h3><strong>EVOLUCIONANDO DESDE EL NEOG\u00d3TICO<\/strong><\/h3>\n<p>A lo largo de los a\u00f1os, Gaud\u00ed hab\u00eda ido definiendo el proyecto hasta llegar a la \u00faltima versi\u00f3n. Hab\u00eda estudiado cada parte significativa hasta perfeccionarla y convencerse de que no pod\u00eda quedar mejor. De este proceso son testigos diversas plantas, secciones y alzados de conjunto y, sobre todo, diversos modelos de yeso.<\/p>\n<p>De hecho, en el momento de su muerte ya hac\u00eda<strong> unos tres a\u00f1os que\u202fhab\u00eda dejado listo el proyecto de las naves<\/strong>: hab\u00eda comenzado con una primera versi\u00f3n todav\u00eda muy neog\u00f3tica, con columnas cil\u00edndricas y verticales sin ning\u00fan tipo de textura helicoidal que sosten\u00edan unos arcos, los cuales, a su vez, aguantaban unas b\u00f3vedas semejantes a las de crucer\u00eda. Sin embargo, la soluci\u00f3n definitiva contemplaba unas columnas arborescentes que se ramificaban para sostener unas nuevas b\u00f3vedas elaboradas con hiperboloides.\nLa <strong>detallada maqueta que hizo a escala 1:10<\/strong>, tan grande que permit\u00eda entrar en ella y pasar por debajo, ofrec\u00eda a los continuadores de Gaud\u00ed todo lo necesario para resolver el dise\u00f1o y la construcci\u00f3n.<\/p>\n<p><a href=\"https:\/\/blog.sagradafamilia.org\/wp-content\/uploads\/2019\/06\/maqueta-sagrada-familia.jpg\"><img loading=\"lazy\" decoding=\"async\" class=\"aligncenter wp-image-2159 size-full\" src=\"https:\/\/blog.sagradafamilia.org\/wp-content\/uploads\/2019\/06\/maqueta-sagrada-familia.jpg\" alt=\"Sagrada Fam\u00edlia 2026\" width=\"514\" height=\"703\" \/><\/a><\/p>\n<p>Tambi\u00e9n hab\u00eda resuelto por completo la<strong> \u202ffachada de la Pasi\u00f3n<\/strong>. En este caso, la inspiraci\u00f3n procedi\u00f3 de una enfermedad que le llev\u00f3 al borde de la muerte. Realiz\u00f3 un dibujo tan detallado y con tanta pasi\u00f3n que se excedi\u00f3 con el agua de la acuarela y el plano se le arrug\u00f3 por completo; esta es la explicaci\u00f3n que da a un colaborador cuando se lo encuentra plancha en mano procurando resolver las consecuencias del incidente. No se conserva ninguna otra parte del templo dibujada por \u00e9l con tanto detalle, por eso dijo que no hac\u00eda falta crear el modelo de yeso.<\/p>\n<p>En sus \u00faltimos a\u00f1os tambi\u00e9n hab\u00eda finalizado la <strong>maqueta de la c\u00fapula de la sacrist\u00eda\u202f<\/strong> con toda la definici\u00f3n y los detalles de las ventanas triangulares, las pasaderas y el terminal. Esta era el resultado de una evoluci\u00f3n hasta llegar a una \u00faltima versi\u00f3n en la que la forma cupular a base de gajos de paraboloides acaba aportando la geometr\u00eda global del edificio. La importancia de esta maqueta va m\u00e1s all\u00e1 de la propia sacrist\u00eda, ya que <a href=\"https:\/\/blog.sagradafamilia.org\/es\/divulgacio\/la-sagristia-model-de-les-torres-centrals\/\" target=\"_blank\" rel=\"noopener\">\u202festablece la base para la generaci\u00f3n geom\u00e9trica y el dise\u00f1o de los cimborrios centrales<\/a>.<\/p>\n<p><a href=\"https:\/\/blog.sagradafamilia.org\/wp-content\/uploads\/2019\/06\/sagristia-sagrada-familia.jpg\"><img loading=\"lazy\" decoding=\"async\" class=\"aligncenter wp-image-2159 size-full\" src=\"https:\/\/blog.sagradafamilia.org\/wp-content\/uploads\/2019\/06\/sagristia-sagrada-familia.jpg\" alt=\"Sagrada Fam\u00edlia 2026\" width=\"514\" height=\"703\" \/><\/a><\/p>\n<p>Asimismo, antes del accidente con el tranv\u00eda, Gaud\u00ed <strong>se estaba dedicando al crucero y a las torres centrales<\/strong>. Sus bi\u00f3grafos afirman que ya hab\u00eda conseguido finalizar el c\u00e1lculo estructural de la torre principal, el cimborrio dedicado a Jesucristo. Si se tiene en cuenta que por aquel entonces los c\u00e1lculos eran gr\u00e1ficos y era necesario medir la direcci\u00f3n y magnitud de los vectores que representaban las fuerzas actuantes sobre el edificio, es comprensible que los colaboradores hubiesen llegado a dibujar en el suelo unos planos tan largos que no cab\u00edan sobre las mesas. No pasaba lo mismo con el c\u00e1lculo del cimborrio de la Virgen Mar\u00eda, del cual solo se hab\u00eda definido la forma b\u00e1sica y la altura.<\/p>\n<p>Por \u00faltimo, desde 1921 ya hab\u00eda comenzado a trabajar en la <strong>\u202ffachada principal<\/strong>, de la Gloria, y, en la \u00e9poca de su muerte accidental, Gaud\u00ed ya hab\u00eda definido una maqueta con los principales vol\u00famenes que concretan las torres y el gran n\u00e1rtex que tendr\u00e1 la \u00faltima fachada que queda por construir en el templo.<\/p>\n<p><a href=\"https:\/\/blog.sagradafamilia.org\/wp-content\/uploads\/2019\/06\/gloria.jpg\"><img loading=\"lazy\" decoding=\"async\" class=\"aligncenter wp-image-2159 size-full\" src=\"https:\/\/blog.sagradafamilia.org\/wp-content\/uploads\/2019\/06\/gloria.jpg\" alt=\"Sagrada Fam\u00edlia 2026\" width=\"514\" height=\"703\" \/><\/a><\/p>\n<p>De este modo, a pesar de que haya sido sin su presencia f\u00edsica, siempre se ha dispuesto de los datos suficientes para seguir levantando la obra del templo con un esp\u00edritu permanente de continuidad y m\u00e1xima fidelidad a la idea original de Gaud\u00ed<\/p>\n<p>&nbsp;<\/p>\n<p>&nbsp;<\/p>","protected":false},"excerpt":{"rendered":"<p>A la recta final de la seva vida, Gaud\u00ed havia perdut molts amics i familiars. El darrer cop que va haver d\u2019encaixar va ser el diagn\u00f2stic d\u2019un c\u00e0ncer incurable del cap dels modelistes, Lloren\u00e7 Matamala, el qual sentia per Gaud\u00ed un afecte molt especial. De fet, els dotze darrers anys de la seva vida, Matamala [&hellip;]<\/p>\n","protected":false},"author":3,"featured_media":2811,"comment_status":"open","ping_status":"open","sticky":false,"template":"","format":"standard","meta":{"footnotes":""},"categories":[19],"tags":[16],"class_list":["post-2809","post","type-post","status-publish","format-standard","has-post-thumbnail","hentry","category-gaudi","tag-gaudi"],"_links":{"self":[{"href":"https:\/\/blog.sagradafamilia.org\/es\/wp-json\/wp\/v2\/posts\/2809","targetHints":{"allow":["GET"]}}],"collection":[{"href":"https:\/\/blog.sagradafamilia.org\/es\/wp-json\/wp\/v2\/posts"}],"about":[{"href":"https:\/\/blog.sagradafamilia.org\/es\/wp-json\/wp\/v2\/types\/post"}],"author":[{"embeddable":true,"href":"https:\/\/blog.sagradafamilia.org\/es\/wp-json\/wp\/v2\/users\/3"}],"replies":[{"embeddable":true,"href":"https:\/\/blog.sagradafamilia.org\/es\/wp-json\/wp\/v2\/comments?post=2809"}],"version-history":[{"count":0,"href":"https:\/\/blog.sagradafamilia.org\/es\/wp-json\/wp\/v2\/posts\/2809\/revisions"}],"wp:featuredmedia":[{"embeddable":true,"href":"https:\/\/blog.sagradafamilia.org\/es\/wp-json\/wp\/v2\/media\/2811"}],"wp:attachment":[{"href":"https:\/\/blog.sagradafamilia.org\/es\/wp-json\/wp\/v2\/media?parent=2809"}],"wp:term":[{"taxonomy":"category","embeddable":true,"href":"https:\/\/blog.sagradafamilia.org\/es\/wp-json\/wp\/v2\/categories?post=2809"},{"taxonomy":"post_tag","embeddable":true,"href":"https:\/\/blog.sagradafamilia.org\/es\/wp-json\/wp\/v2\/tags?post=2809"}],"curies":[{"name":"wp","href":"https:\/\/api.w.org\/{rel}","templated":true}]}}