{"id":3670,"date":"2026-03-10T14:02:12","date_gmt":"2026-03-10T13:02:12","guid":{"rendered":"https:\/\/blog.sagradafamilia.org\/?p=3670"},"modified":"2026-04-07T11:00:58","modified_gmt":"2026-04-07T09:00:58","slug":"saint-joseph-an-important-day-for-the-sagrada-familia","status":"publish","type":"post","link":"https:\/\/blog.sagradafamilia.org\/en\/sant-josep-un-dia-assenyalat-a-la-sagrada-familia\/","title":{"rendered":"Saint Joseph, an important day for the Sagrada Fam\u00edlia"},"content":{"rendered":"<p class=\"translation-block\">March 19, Saint Joseph's Day, is a significant date at the Sagrada Fam\u00edlia. On that day in 1882, the first stone was laid in the temple, <strong>an anniversary that this year marks 144 years. <\/strong>To celebrate, a<strong> mass dedicated to Saint Joseph will be held in the Basilica and a commemorative concert with the Orfe\u00f3 Catal\u00e0, <\/strong> in order to highlight the link between both institutions and pay tribute to the generations that have made the temple possible.<\/p>\n\n\n\n<div style=\"height:14px\" aria-hidden=\"true\" class=\"wp-block-spacer\"><\/div>\n\n\n\n<p class=\"has-medium-font-size\">Why was this day chosen to break ground? <\/p>\n\n\n\n<p>The book merchant Josep Maria Bocabella, who was highly devoted to Saint Joseph, founded the Asociaci\u00f3n Espiritual de Devotos de San Jos\u00e9 (Spiritual Association of the Devotees of Saint Joseph) in 1866, and the magazine El Propagador de la Devoci\u00f3n a San Jos\u00e9, with the purpose to ask fot Saint Joseph to intercede on behalf of the Church. At the same time, Father Josep Manyanet, defender of the model of the Holy Family, learnt of the initiative Bocabella was promoting and became a member of the association and subscribed to the magazine. But that\u2019s not all, on his travels, he met Bocabella and his family, and the two developed a close relationship. This led Father Manyanet to share with Bocabella  his inspiration that a national temple should be built in honour of Saint Joseph and the Holy Family. Unsurprisingly, the idea was heartily welcomed and when Bocabella returned from Loreto in 1871, after visiting Rome to celebrate the 25th anniversary of the Holy Father\u2019s pontificate, he went back to Father Manyanet\u2019s idea.&nbsp;<\/p>\n\n\n\n<p>So, on 31 December 1881, Bocabella acquired 12,800 m\u00b2 of land in the former town of Sant Mart\u00ed de Proven\u00e7als, now part of Barcelona\u2019s Eixample district, to build an expiatory temple with the desire to help calm a society riled by the social and economic changes of the late 19th century. This intention is clearly laid out in the founding act of the Temple, which says a church will be built to \u201cawaken sleeping hearts from their tepor. Exalt the faith. Warm charity. Encourage the Lord to take pity on the country (...).\"&nbsp;&nbsp;<\/p>\n\n\n\n<p>The project was charged to diocesan architect Francisco de Paula del Villar, who decided to begin the work on a special date for the association: 19 March, the feast day of Saint Joseph.&nbsp;&nbsp;<\/p>\n\n\n\n<p>Since then, there have been several inaugurations, events and celebrations at the Basilica on this date. Below is a timeline with some of the most important ones:&nbsp;<\/p>\n\n\n\n<h2 class=\"wp-block-heading\">1882 \u2013 First stone laid<\/h2>\n\n\n\n<div class=\"wp-block-columns is-layout-flex wp-container-core-columns-is-layout-9d6595d7 wp-block-columns-is-layout-flex\">\n<div class=\"wp-block-column is-layout-flow wp-block-column-is-layout-flow\">\n<figure class=\"wp-block-gallery has-nested-images columns-default is-cropped wp-block-gallery-1 is-layout-flex wp-block-gallery-is-layout-flex\">\n<figure data-wp-context=\"{&quot;imageId&quot;:&quot;69ede0bab472b&quot;}\" data-wp-interactive=\"core\/image\" data-wp-key=\"69ede0bab472b\" class=\"wp-block-image size-large wp-lightbox-container\"><img loading=\"lazy\" decoding=\"async\" width=\"800\" height=\"496\" data-wp-class--hide=\"state.isContentHidden\" data-wp-class--show=\"state.isContentVisible\" data-wp-init=\"callbacks.setButtonStyles\" data-wp-on--click=\"actions.showLightbox\" data-wp-on--load=\"callbacks.setButtonStyles\" data-wp-on-window--resize=\"callbacks.setButtonStyles\" data-id=\"6007\" src=\"https:\/\/blog.sagradafamilia.org\/wp-content\/uploads\/2025\/03\/f091882001.jpg.iCfIxvD9Ma_r9V1hQA0A.LEBkoAbAb8.jpg\" alt=\"\" class=\"wp-image-6007\" srcset=\"https:\/\/blog.sagradafamilia.org\/wp-content\/uploads\/2025\/03\/f091882001.jpg.iCfIxvD9Ma_r9V1hQA0A.LEBkoAbAb8.jpg 800w, https:\/\/blog.sagradafamilia.org\/wp-content\/uploads\/2025\/03\/f091882001.jpg.iCfIxvD9Ma_r9V1hQA0A.LEBkoAbAb8-300x186.jpg 300w, https:\/\/blog.sagradafamilia.org\/wp-content\/uploads\/2025\/03\/f091882001.jpg.iCfIxvD9Ma_r9V1hQA0A.LEBkoAbAb8-768x476.jpg 768w, https:\/\/blog.sagradafamilia.org\/wp-content\/uploads\/2025\/03\/f091882001.jpg.iCfIxvD9Ma_r9V1hQA0A.LEBkoAbAb8-18x12.jpg 18w\" sizes=\"auto, (max-width: 800px) 100vw, 800px\" \/><button\n\t\t\tclass=\"lightbox-trigger\"\n\t\t\ttype=\"button\"\n\t\t\taria-haspopup=\"dialog\"\n\t\t\taria-label=\"Enlarge\"\n\t\t\tdata-wp-init=\"callbacks.initTriggerButton\"\n\t\t\tdata-wp-on--click=\"actions.showLightbox\"\n\t\t\tdata-wp-style--right=\"state.imageButtonRight\"\n\t\t\tdata-wp-style--top=\"state.imageButtonTop\"\n\t\t>\n\t\t\t<svg xmlns=\"http:\/\/www.w3.org\/2000\/svg\" width=\"12\" height=\"12\" fill=\"none\" viewbox=\"0 0 12 12\">\n\t\t\t\t<path fill=\"#fff\" d=\"M2 0a2 2 0 0 0-2 2v2h1.5V2a.5.5 0 0 1 .5-.5h2V0H2Zm2 10.5H2a.5.5 0 0 1-.5-.5V8H0v2a2 2 0 0 0 2 2h2v-1.5ZM8 12v-1.5h2a.5.5 0 0 0 .5-.5V8H12v2a2 2 0 0 1-2 2H8Zm2-12a2 2 0 0 1 2 2v2h-1.5V2a.5.5 0 0 0-.5-.5H8V0h2Z\" \/>\n\t\t\t<\/svg>\n\t\t<\/button><\/figure>\n\n\n\n<figure data-wp-context=\"{&quot;imageId&quot;:&quot;69ede0bab4c26&quot;}\" data-wp-interactive=\"core\/image\" data-wp-key=\"69ede0bab4c26\" class=\"wp-block-image size-large wp-lightbox-container\"><img loading=\"lazy\" decoding=\"async\" width=\"1024\" height=\"640\" data-wp-class--hide=\"state.isContentHidden\" data-wp-class--show=\"state.isContentVisible\" data-wp-init=\"callbacks.setButtonStyles\" data-wp-on--click=\"actions.showLightbox\" data-wp-on--load=\"callbacks.setButtonStyles\" data-wp-on-window--resize=\"callbacks.setButtonStyles\" data-id=\"3760\" src=\"https:\/\/blog.sagradafamilia.org\/wp-content\/uploads\/2025\/03\/1.-reproduccio-acta-collocacio-primera-pedra-1961-1024x640.jpg\" alt=\"\" class=\"wp-image-3760\" srcset=\"https:\/\/blog.sagradafamilia.org\/wp-content\/uploads\/2025\/03\/1.-reproduccio-acta-collocacio-primera-pedra-1961-1024x640.jpg 1024w, https:\/\/blog.sagradafamilia.org\/wp-content\/uploads\/2025\/03\/1.-reproduccio-acta-collocacio-primera-pedra-1961-300x187.jpg 300w, https:\/\/blog.sagradafamilia.org\/wp-content\/uploads\/2025\/03\/1.-reproduccio-acta-collocacio-primera-pedra-1961-768x480.jpg 768w, https:\/\/blog.sagradafamilia.org\/wp-content\/uploads\/2025\/03\/1.-reproduccio-acta-collocacio-primera-pedra-1961-1536x960.jpg 1536w, https:\/\/blog.sagradafamilia.org\/wp-content\/uploads\/2025\/03\/1.-reproduccio-acta-collocacio-primera-pedra-1961-2048x1280.jpg 2048w, https:\/\/blog.sagradafamilia.org\/wp-content\/uploads\/2025\/03\/1.-reproduccio-acta-collocacio-primera-pedra-1961-18x12.jpg 18w\" sizes=\"auto, (max-width: 1024px) 100vw, 1024px\" \/><button\n\t\t\tclass=\"lightbox-trigger\"\n\t\t\ttype=\"button\"\n\t\t\taria-haspopup=\"dialog\"\n\t\t\taria-label=\"Enlarge\"\n\t\t\tdata-wp-init=\"callbacks.initTriggerButton\"\n\t\t\tdata-wp-on--click=\"actions.showLightbox\"\n\t\t\tdata-wp-style--right=\"state.imageButtonRight\"\n\t\t\tdata-wp-style--top=\"state.imageButtonTop\"\n\t\t>\n\t\t\t<svg xmlns=\"http:\/\/www.w3.org\/2000\/svg\" width=\"12\" height=\"12\" fill=\"none\" viewbox=\"0 0 12 12\">\n\t\t\t\t<path fill=\"#fff\" d=\"M2 0a2 2 0 0 0-2 2v2h1.5V2a.5.5 0 0 1 .5-.5h2V0H2Zm2 10.5H2a.5.5 0 0 1-.5-.5V8H0v2a2 2 0 0 0 2 2h2v-1.5ZM8 12v-1.5h2a.5.5 0 0 0 .5-.5V8H12v2a2 2 0 0 1-2 2H8Zm2-12a2 2 0 0 1 2 2v2h-1.5V2a.5.5 0 0 0-.5-.5H8V0h2Z\" \/>\n\t\t\t<\/svg>\n\t\t<\/button><\/figure>\n<\/figure>\n<\/div>\n<\/div>\n\n\n\n<p>Laying of the cornerstone ceremony was attended by the bishops of Barcelona and Vic, accompanied by various authorities, as reported in the founding act of the Temple and illustrated in an engraving made in 1982 by Aurora Altisent for the celebration of the centenary.&nbsp;&nbsp;<\/p>\n\n\n\n<h2 class=\"wp-block-heading\">1885 - Inauguration of the Chapel of Saint Joseph<\/h2>\n\n\n\n<p class=\"translation-block\">Three years after the cornerstone was laid, when the works had come under Antoni Gaud\u00ed\u2019s leadership, an event was held to celebrate the completion of the central chapel of the crypt, dedicated to Saint Joseph. A solemn mass was held on 19 March, the first in the finished section of the Temple, and people came from the neighbourhood and around Spain, as explained in the report in <em>El Propagador de la devoci\u00f3n de San Jos\u00e9<\/em>, the newsletter published by the association promoting the Temple to share its progress.<\/p>\n\n\n\n<figure data-wp-context=\"{&quot;imageId&quot;:&quot;69ede0bab5334&quot;}\" data-wp-interactive=\"core\/image\" data-wp-key=\"69ede0bab5334\" class=\"wp-block-image size-full wp-lightbox-container\"><img loading=\"lazy\" decoding=\"async\" width=\"1892\" height=\"2560\" data-wp-class--hide=\"state.isContentHidden\" data-wp-class--show=\"state.isContentVisible\" data-wp-init=\"callbacks.setButtonStyles\" data-wp-on--click=\"actions.showLightbox\" data-wp-on--load=\"callbacks.setButtonStyles\" data-wp-on-window--resize=\"callbacks.setButtonStyles\" src=\"https:\/\/blog.sagradafamilia.org\/wp-content\/uploads\/2025\/03\/2.-capella-sant-josep-1885-scaled.jpg\" alt=\"Capella de Sant Josep en la seva inauguraci\u00f3\" class=\"wp-image-3761\" srcset=\"https:\/\/blog.sagradafamilia.org\/wp-content\/uploads\/2025\/03\/2.-capella-sant-josep-1885-scaled.jpg 1892w, https:\/\/blog.sagradafamilia.org\/wp-content\/uploads\/2025\/03\/2.-capella-sant-josep-1885-222x300.jpg 222w, https:\/\/blog.sagradafamilia.org\/wp-content\/uploads\/2025\/03\/2.-capella-sant-josep-1885-757x1024.jpg 757w, https:\/\/blog.sagradafamilia.org\/wp-content\/uploads\/2025\/03\/2.-capella-sant-josep-1885-768x1039.jpg 768w, https:\/\/blog.sagradafamilia.org\/wp-content\/uploads\/2025\/03\/2.-capella-sant-josep-1885-1135x1536.jpg 1135w, https:\/\/blog.sagradafamilia.org\/wp-content\/uploads\/2025\/03\/2.-capella-sant-josep-1885-1513x2048.jpg 1513w, https:\/\/blog.sagradafamilia.org\/wp-content\/uploads\/2025\/03\/2.-capella-sant-josep-1885-9x12.jpg 9w\" sizes=\"auto, (max-width: 1892px) 100vw, 1892px\" \/><button\n\t\t\tclass=\"lightbox-trigger\"\n\t\t\ttype=\"button\"\n\t\t\taria-haspopup=\"dialog\"\n\t\t\taria-label=\"Enlarge\"\n\t\t\tdata-wp-init=\"callbacks.initTriggerButton\"\n\t\t\tdata-wp-on--click=\"actions.showLightbox\"\n\t\t\tdata-wp-style--right=\"state.imageButtonRight\"\n\t\t\tdata-wp-style--top=\"state.imageButtonTop\"\n\t\t>\n\t\t\t<svg xmlns=\"http:\/\/www.w3.org\/2000\/svg\" width=\"12\" height=\"12\" fill=\"none\" viewbox=\"0 0 12 12\">\n\t\t\t\t<path fill=\"#fff\" d=\"M2 0a2 2 0 0 0-2 2v2h1.5V2a.5.5 0 0 1 .5-.5h2V0H2Zm2 10.5H2a.5.5 0 0 1-.5-.5V8H0v2a2 2 0 0 0 2 2h2v-1.5ZM8 12v-1.5h2a.5.5 0 0 0 .5-.5V8H12v2a2 2 0 0 1-2 2H8Zm2-12a2 2 0 0 1 2 2v2h-1.5V2a.5.5 0 0 0-.5-.5H8V0h2Z\" \/>\n\t\t\t<\/svg>\n\t\t<\/button><figcaption class=\"wp-element-caption\">Chapel of Saint Joseph, 1885.  Credit: unknown.<\/figcaption><\/figure>\n\n\n\n<h2 class=\"wp-block-heading\">1932 - 50th anniversary of the laying of the cornerstone&nbsp;&nbsp;<\/h2>\n\n\n\n<p class=\"translation-block\">The first 50 years of the Sagrada Fam\u00edlia were commemorated on the feast of Saint Joseph in 1932 with a religious service in the crypt. Given the complicated social and economic situation in which donations were scarce and debts were mounting, the Temple took advantage of these celebrations to convince parishioners of the need to pay for the works, as explained in <em>El Propagador<\/em>.<\/p>\n\n\n\n<figure data-wp-context=\"{&quot;imageId&quot;:&quot;69ede0bab58af&quot;}\" data-wp-interactive=\"core\/image\" data-wp-key=\"69ede0bab58af\" class=\"wp-block-image size-full wp-lightbox-container\"><img loading=\"lazy\" decoding=\"async\" width=\"1003\" height=\"1341\" data-wp-class--hide=\"state.isContentHidden\" data-wp-class--show=\"state.isContentVisible\" data-wp-init=\"callbacks.setButtonStyles\" data-wp-on--click=\"actions.showLightbox\" data-wp-on--load=\"callbacks.setButtonStyles\" data-wp-on-window--resize=\"callbacks.setButtonStyles\" src=\"https:\/\/blog.sagradafamilia.org\/wp-content\/uploads\/2025\/03\/3.-50-anys-1932.jpg\" alt=\"People celebrating the 50th anniversary of the Sagrada Fam\u00edlia, 1932. Credit: El Propagador de la Devoci\u00f3n a San Jos\u00e9. \" class=\"wp-image-3762\" srcset=\"https:\/\/blog.sagradafamilia.org\/wp-content\/uploads\/2025\/03\/3.-50-anys-1932.jpg 1003w, https:\/\/blog.sagradafamilia.org\/wp-content\/uploads\/2025\/03\/3.-50-anys-1932-224x300.jpg 224w, https:\/\/blog.sagradafamilia.org\/wp-content\/uploads\/2025\/03\/3.-50-anys-1932-766x1024.jpg 766w, https:\/\/blog.sagradafamilia.org\/wp-content\/uploads\/2025\/03\/3.-50-anys-1932-768x1027.jpg 768w, https:\/\/blog.sagradafamilia.org\/wp-content\/uploads\/2025\/03\/3.-50-anys-1932-9x12.jpg 9w\" sizes=\"auto, (max-width: 1003px) 100vw, 1003px\" \/><button\n\t\t\tclass=\"lightbox-trigger\"\n\t\t\ttype=\"button\"\n\t\t\taria-haspopup=\"dialog\"\n\t\t\taria-label=\"Enlarge\"\n\t\t\tdata-wp-init=\"callbacks.initTriggerButton\"\n\t\t\tdata-wp-on--click=\"actions.showLightbox\"\n\t\t\tdata-wp-style--right=\"state.imageButtonRight\"\n\t\t\tdata-wp-style--top=\"state.imageButtonTop\"\n\t\t>\n\t\t\t<svg xmlns=\"http:\/\/www.w3.org\/2000\/svg\" width=\"12\" height=\"12\" fill=\"none\" viewbox=\"0 0 12 12\">\n\t\t\t\t<path fill=\"#fff\" d=\"M2 0a2 2 0 0 0-2 2v2h1.5V2a.5.5 0 0 1 .5-.5h2V0H2Zm2 10.5H2a.5.5 0 0 1-.5-.5V8H0v2a2 2 0 0 0 2 2h2v-1.5ZM8 12v-1.5h2a.5.5 0 0 0 .5-.5V8H12v2a2 2 0 0 1-2 2H8Zm2-12a2 2 0 0 1 2 2v2h-1.5V2a.5.5 0 0 0-.5-.5H8V0h2Z\" \/>\n\t\t\t<\/svg>\n\t\t<\/button><figcaption class=\"wp-element-caption\">Celebraci\u00f3 dels cinquanta anys de la Sagrada Fam\u00edlia, l\u2019any 1932. Foto: <em>El Propagador de la devoci\u00f3n a San Jos\u00e9<\/em>.<\/figcaption><\/figure>\n\n\n\n<h2 class=\"wp-block-heading\">1957 \u2013 Commemoration of 75th anniversary&nbsp;<\/h2>\n\n\n\n<p>To celebrate this milestone, a solemn mass was held on the feast of Saint Joseph with religious, political and military leaders, as well as many parishioners and neighbours, as these archive photos show.&nbsp;<strong>&nbsp;<\/strong><\/p>\n\n\n\n<div class=\"wp-block-columns is-layout-flex wp-container-core-columns-is-layout-9d6595d7 wp-block-columns-is-layout-flex\">\n<div class=\"wp-block-column is-layout-flow wp-block-column-is-layout-flow\">\n<figure data-wp-context=\"{&quot;imageId&quot;:&quot;69ede0bab5d22&quot;}\" data-wp-interactive=\"core\/image\" data-wp-key=\"69ede0bab5d22\" class=\"wp-block-image size-full wp-lightbox-container\"><img loading=\"lazy\" decoding=\"async\" width=\"1024\" height=\"658\" data-wp-class--hide=\"state.isContentHidden\" data-wp-class--show=\"state.isContentVisible\" data-wp-init=\"callbacks.setButtonStyles\" data-wp-on--click=\"actions.showLightbox\" data-wp-on--load=\"callbacks.setButtonStyles\" data-wp-on-window--resize=\"callbacks.setButtonStyles\" src=\"https:\/\/blog.sagradafamilia.org\/wp-content\/uploads\/2025\/03\/4.-missa-75-anys-assistents-1957.jpg\" alt=\"Parishioners at the 75th anniversary of the laying of the cornerstone of the Sagrada Fam\u00edlia in 1957. Credit: Salvador\" class=\"wp-image-3763\" srcset=\"https:\/\/blog.sagradafamilia.org\/wp-content\/uploads\/2025\/03\/4.-missa-75-anys-assistents-1957.jpg 1024w, https:\/\/blog.sagradafamilia.org\/wp-content\/uploads\/2025\/03\/4.-missa-75-anys-assistents-1957-300x193.jpg 300w, https:\/\/blog.sagradafamilia.org\/wp-content\/uploads\/2025\/03\/4.-missa-75-anys-assistents-1957-768x494.jpg 768w, https:\/\/blog.sagradafamilia.org\/wp-content\/uploads\/2025\/03\/4.-missa-75-anys-assistents-1957-18x12.jpg 18w\" sizes=\"auto, (max-width: 1024px) 100vw, 1024px\" \/><button\n\t\t\tclass=\"lightbox-trigger\"\n\t\t\ttype=\"button\"\n\t\t\taria-haspopup=\"dialog\"\n\t\t\taria-label=\"Enlarge\"\n\t\t\tdata-wp-init=\"callbacks.initTriggerButton\"\n\t\t\tdata-wp-on--click=\"actions.showLightbox\"\n\t\t\tdata-wp-style--right=\"state.imageButtonRight\"\n\t\t\tdata-wp-style--top=\"state.imageButtonTop\"\n\t\t>\n\t\t\t<svg xmlns=\"http:\/\/www.w3.org\/2000\/svg\" width=\"12\" height=\"12\" fill=\"none\" viewbox=\"0 0 12 12\">\n\t\t\t\t<path fill=\"#fff\" d=\"M2 0a2 2 0 0 0-2 2v2h1.5V2a.5.5 0 0 1 .5-.5h2V0H2Zm2 10.5H2a.5.5 0 0 1-.5-.5V8H0v2a2 2 0 0 0 2 2h2v-1.5ZM8 12v-1.5h2a.5.5 0 0 0 .5-.5V8H12v2a2 2 0 0 1-2 2H8Zm2-12a2 2 0 0 1 2 2v2h-1.5V2a.5.5 0 0 0-.5-.5H8V0h2Z\" \/>\n\t\t\t<\/svg>\n\t\t<\/button><figcaption class=\"wp-element-caption\">Parishioners at the 75th anniversary of the laying of the cornerstone of the Sagrada Fam\u00edlia in 1957. Credit: Salvador<\/figcaption><\/figure>\n<\/div>\n\n\n\n<div class=\"wp-block-column is-layout-flow wp-block-column-is-layout-flow\">\n<figure data-wp-context=\"{&quot;imageId&quot;:&quot;69ede0bab6198&quot;}\" data-wp-interactive=\"core\/image\" data-wp-key=\"69ede0bab6198\" class=\"wp-block-image size-full wp-lightbox-container\"><img loading=\"lazy\" decoding=\"async\" width=\"1024\" height=\"672\" data-wp-class--hide=\"state.isContentHidden\" data-wp-class--show=\"state.isContentVisible\" data-wp-init=\"callbacks.setButtonStyles\" data-wp-on--click=\"actions.showLightbox\" data-wp-on--load=\"callbacks.setButtonStyles\" data-wp-on-window--resize=\"callbacks.setButtonStyles\" src=\"https:\/\/blog.sagradafamilia.org\/wp-content\/uploads\/2025\/03\/4.-missa-75-anys-des-de-temple-1957.jpg\" alt=\"\" class=\"wp-image-3764\" srcset=\"https:\/\/blog.sagradafamilia.org\/wp-content\/uploads\/2025\/03\/4.-missa-75-anys-des-de-temple-1957.jpg 1024w, https:\/\/blog.sagradafamilia.org\/wp-content\/uploads\/2025\/03\/4.-missa-75-anys-des-de-temple-1957-300x197.jpg 300w, https:\/\/blog.sagradafamilia.org\/wp-content\/uploads\/2025\/03\/4.-missa-75-anys-des-de-temple-1957-768x504.jpg 768w, https:\/\/blog.sagradafamilia.org\/wp-content\/uploads\/2025\/03\/4.-missa-75-anys-des-de-temple-1957-18x12.jpg 18w\" sizes=\"auto, (max-width: 1024px) 100vw, 1024px\" \/><button\n\t\t\tclass=\"lightbox-trigger\"\n\t\t\ttype=\"button\"\n\t\t\taria-haspopup=\"dialog\"\n\t\t\taria-label=\"Enlarge\"\n\t\t\tdata-wp-init=\"callbacks.initTriggerButton\"\n\t\t\tdata-wp-on--click=\"actions.showLightbox\"\n\t\t\tdata-wp-style--right=\"state.imageButtonRight\"\n\t\t\tdata-wp-style--top=\"state.imageButtonTop\"\n\t\t>\n\t\t\t<svg xmlns=\"http:\/\/www.w3.org\/2000\/svg\" width=\"12\" height=\"12\" fill=\"none\" viewbox=\"0 0 12 12\">\n\t\t\t\t<path fill=\"#fff\" d=\"M2 0a2 2 0 0 0-2 2v2h1.5V2a.5.5 0 0 1 .5-.5h2V0H2Zm2 10.5H2a.5.5 0 0 1-.5-.5V8H0v2a2 2 0 0 0 2 2h2v-1.5ZM8 12v-1.5h2a.5.5 0 0 0 .5-.5V8H12v2a2 2 0 0 1-2 2H8Zm2-12a2 2 0 0 1 2 2v2h-1.5V2a.5.5 0 0 0-.5-.5H8V0h2Z\" \/>\n\t\t\t<\/svg>\n\t\t<\/button><figcaption class=\"wp-element-caption\">Parishioners at the 75th anniversary of the laying of the cornerstone of the Sagrada Fam\u00edlia in 1957. Credit: Joseph Brangul\u00ed i Soler.<\/figcaption><\/figure>\n<\/div>\n<\/div>\n\n\n\n<h2 class=\"wp-block-heading\">1958 \u2013 Offering the sculpture of the Nativity in front of the fa\u00e7ade&nbsp;<\/h2>\n\n\n\n<p>On 19 March 1958, the sculpture by sculptor Jaume Busquets that presides the Nativity fa\u00e7ade was put in place. The statue was financed at a fundraising event attended by Banco de Bilbao employees and their families.&nbsp;<strong>&nbsp;<\/strong><\/p>\n\n\n\n<figure data-wp-context=\"{&quot;imageId&quot;:&quot;69ede0bab6787&quot;}\" data-wp-interactive=\"core\/image\" data-wp-key=\"69ede0bab6787\" class=\"wp-block-image size-full wp-lightbox-container\"><img loading=\"lazy\" decoding=\"async\" width=\"1024\" height=\"652\" data-wp-class--hide=\"state.isContentHidden\" data-wp-class--show=\"state.isContentVisible\" data-wp-init=\"callbacks.setButtonStyles\" data-wp-on--click=\"actions.showLightbox\" data-wp-on--load=\"callbacks.setButtonStyles\" data-wp-on-window--resize=\"callbacks.setButtonStyles\" src=\"https:\/\/blog.sagradafamilia.org\/wp-content\/uploads\/2025\/03\/5.-collocacio-escultura-naixement-1958.jpg\" alt=\"Offering the sculpture of the Nativity in front of the fa\u00e7ade, 1958. Credit: Joseph Brangul\u00ed i Soler.\" class=\"wp-image-3765\" srcset=\"https:\/\/blog.sagradafamilia.org\/wp-content\/uploads\/2025\/03\/5.-collocacio-escultura-naixement-1958.jpg 1024w, https:\/\/blog.sagradafamilia.org\/wp-content\/uploads\/2025\/03\/5.-collocacio-escultura-naixement-1958-300x191.jpg 300w, https:\/\/blog.sagradafamilia.org\/wp-content\/uploads\/2025\/03\/5.-collocacio-escultura-naixement-1958-768x489.jpg 768w, https:\/\/blog.sagradafamilia.org\/wp-content\/uploads\/2025\/03\/5.-collocacio-escultura-naixement-1958-18x12.jpg 18w\" sizes=\"auto, (max-width: 1024px) 100vw, 1024px\" \/><button\n\t\t\tclass=\"lightbox-trigger\"\n\t\t\ttype=\"button\"\n\t\t\taria-haspopup=\"dialog\"\n\t\t\taria-label=\"Enlarge\"\n\t\t\tdata-wp-init=\"callbacks.initTriggerButton\"\n\t\t\tdata-wp-on--click=\"actions.showLightbox\"\n\t\t\tdata-wp-style--right=\"state.imageButtonRight\"\n\t\t\tdata-wp-style--top=\"state.imageButtonTop\"\n\t\t>\n\t\t\t<svg xmlns=\"http:\/\/www.w3.org\/2000\/svg\" width=\"12\" height=\"12\" fill=\"none\" viewbox=\"0 0 12 12\">\n\t\t\t\t<path fill=\"#fff\" d=\"M2 0a2 2 0 0 0-2 2v2h1.5V2a.5.5 0 0 1 .5-.5h2V0H2Zm2 10.5H2a.5.5 0 0 1-.5-.5V8H0v2a2 2 0 0 0 2 2h2v-1.5ZM8 12v-1.5h2a.5.5 0 0 0 .5-.5V8H12v2a2 2 0 0 1-2 2H8Zm2-12a2 2 0 0 1 2 2v2h-1.5V2a.5.5 0 0 0-.5-.5H8V0h2Z\" \/>\n\t\t\t<\/svg>\n\t\t<\/button><figcaption class=\"wp-element-caption\">Offering the sculpture of the Nativity in front of the fa\u00e7ade, 1958. Credit: Joseph Brangul\u00ed i Soler<\/figcaption><\/figure>\n\n\n\n<h2 class=\"wp-block-heading\">1982 \u2013 Celebration of the 100th anniversary of the laying of the cornerstone&nbsp;<\/h2>\n\n\n\n<p>On 19 March the year of the Basilica\u2019s centenary, a solemn mass was held featuring a performance by Esbart Dansaire Gaud\u00ed dance troupe and a parade of Barcelona\u2019s giants. This celebration also featured many other events throughout the year, including the presentation of the sculpture group of the Adoration of the Magi by Joaquim Ros and a series of conferences to raise awareness of the project, among others.&nbsp;<\/p>\n\n\n\n<div class=\"wp-block-columns is-layout-flex wp-container-core-columns-is-layout-9d6595d7 wp-block-columns-is-layout-flex\">\n<div class=\"wp-block-column is-layout-flow wp-block-column-is-layout-flow\">\n<figure data-wp-context=\"{&quot;imageId&quot;:&quot;69ede0bab6c1a&quot;}\" data-wp-interactive=\"core\/image\" data-wp-key=\"69ede0bab6c1a\" class=\"wp-block-image size-full wp-lightbox-container\"><img loading=\"lazy\" decoding=\"async\" width=\"948\" height=\"632\" data-wp-class--hide=\"state.isContentHidden\" data-wp-class--show=\"state.isContentVisible\" data-wp-init=\"callbacks.setButtonStyles\" data-wp-on--click=\"actions.showLightbox\" data-wp-on--load=\"callbacks.setButtonStyles\" data-wp-on-window--resize=\"callbacks.setButtonStyles\" src=\"https:\/\/blog.sagradafamilia.org\/wp-content\/uploads\/2025\/03\/6.-missa-centenari-1982-edited.jpg\" alt=\"\" class=\"wp-image-3814\" srcset=\"https:\/\/blog.sagradafamilia.org\/wp-content\/uploads\/2025\/03\/6.-missa-centenari-1982-edited.jpg 948w, https:\/\/blog.sagradafamilia.org\/wp-content\/uploads\/2025\/03\/6.-missa-centenari-1982-edited-300x200.jpg 300w, https:\/\/blog.sagradafamilia.org\/wp-content\/uploads\/2025\/03\/6.-missa-centenari-1982-edited-768x512.jpg 768w, https:\/\/blog.sagradafamilia.org\/wp-content\/uploads\/2025\/03\/6.-missa-centenari-1982-edited-18x12.jpg 18w\" sizes=\"auto, (max-width: 948px) 100vw, 948px\" \/><button\n\t\t\tclass=\"lightbox-trigger\"\n\t\t\ttype=\"button\"\n\t\t\taria-haspopup=\"dialog\"\n\t\t\taria-label=\"Enlarge\"\n\t\t\tdata-wp-init=\"callbacks.initTriggerButton\"\n\t\t\tdata-wp-on--click=\"actions.showLightbox\"\n\t\t\tdata-wp-style--right=\"state.imageButtonRight\"\n\t\t\tdata-wp-style--top=\"state.imageButtonTop\"\n\t\t>\n\t\t\t<svg xmlns=\"http:\/\/www.w3.org\/2000\/svg\" width=\"12\" height=\"12\" fill=\"none\" viewbox=\"0 0 12 12\">\n\t\t\t\t<path fill=\"#fff\" d=\"M2 0a2 2 0 0 0-2 2v2h1.5V2a.5.5 0 0 1 .5-.5h2V0H2Zm2 10.5H2a.5.5 0 0 1-.5-.5V8H0v2a2 2 0 0 0 2 2h2v-1.5ZM8 12v-1.5h2a.5.5 0 0 0 .5-.5V8H12v2a2 2 0 0 1-2 2H8Zm2-12a2 2 0 0 1 2 2v2h-1.5V2a.5.5 0 0 0-.5-.5H8V0h2Z\" \/>\n\t\t\t<\/svg>\n\t\t<\/button><figcaption class=\"wp-element-caption\">Events celebrating the centenary of the laying of the cornerstone on the Temple esplanade, 1982. Credit: Horral (left) and anonymous (right).<\/figcaption><\/figure>\n<\/div>\n\n\n\n<div class=\"wp-block-column is-layout-flow wp-block-column-is-layout-flow\">\n<figure data-wp-context=\"{&quot;imageId&quot;:&quot;69ede0bab70c6&quot;}\" data-wp-interactive=\"core\/image\" data-wp-key=\"69ede0bab70c6\" class=\"wp-block-image size-full wp-lightbox-container\"><img loading=\"lazy\" decoding=\"async\" width=\"1024\" height=\"683\" data-wp-class--hide=\"state.isContentHidden\" data-wp-class--show=\"state.isContentVisible\" data-wp-init=\"callbacks.setButtonStyles\" data-wp-on--click=\"actions.showLightbox\" data-wp-on--load=\"callbacks.setButtonStyles\" data-wp-on-window--resize=\"callbacks.setButtonStyles\" src=\"https:\/\/blog.sagradafamilia.org\/wp-content\/uploads\/2025\/03\/6.-celebracio-centenari-1982-edited.jpg\" alt=\"\" class=\"wp-image-3815\" srcset=\"https:\/\/blog.sagradafamilia.org\/wp-content\/uploads\/2025\/03\/6.-celebracio-centenari-1982-edited.jpg 1024w, https:\/\/blog.sagradafamilia.org\/wp-content\/uploads\/2025\/03\/6.-celebracio-centenari-1982-edited-300x200.jpg 300w, https:\/\/blog.sagradafamilia.org\/wp-content\/uploads\/2025\/03\/6.-celebracio-centenari-1982-edited-768x512.jpg 768w, https:\/\/blog.sagradafamilia.org\/wp-content\/uploads\/2025\/03\/6.-celebracio-centenari-1982-edited-18x12.jpg 18w\" sizes=\"auto, (max-width: 1024px) 100vw, 1024px\" \/><button\n\t\t\tclass=\"lightbox-trigger\"\n\t\t\ttype=\"button\"\n\t\t\taria-haspopup=\"dialog\"\n\t\t\taria-label=\"Enlarge\"\n\t\t\tdata-wp-init=\"callbacks.initTriggerButton\"\n\t\t\tdata-wp-on--click=\"actions.showLightbox\"\n\t\t\tdata-wp-style--right=\"state.imageButtonRight\"\n\t\t\tdata-wp-style--top=\"state.imageButtonTop\"\n\t\t>\n\t\t\t<svg xmlns=\"http:\/\/www.w3.org\/2000\/svg\" width=\"12\" height=\"12\" fill=\"none\" viewbox=\"0 0 12 12\">\n\t\t\t\t<path fill=\"#fff\" d=\"M2 0a2 2 0 0 0-2 2v2h1.5V2a.5.5 0 0 1 .5-.5h2V0H2Zm2 10.5H2a.5.5 0 0 1-.5-.5V8H0v2a2 2 0 0 0 2 2h2v-1.5ZM8 12v-1.5h2a.5.5 0 0 0 .5-.5V8H12v2a2 2 0 0 1-2 2H8Zm2-12a2 2 0 0 1 2 2v2h-1.5V2a.5.5 0 0 0-.5-.5H8V0h2Z\" \/>\n\t\t\t<\/svg>\n\t\t<\/button><figcaption class=\"wp-element-caption\">Events celebrating the centenary of the laying of the cornerstone on the Temple esplanade, 1982. Credit: Horral (left) and anonymous (right).<\/figcaption><\/figure>\n<\/div>\n<\/div>\n\n\n\n<p>For the 100th anniversary, two stone monoliths with a wrought-iron gas lamp were placed on either side of the gate on the Passion fa\u00e7ade, inscribed with the year of the centenary and the year construction of the Basilica began, which can be seen from the street. Although it is a bit hidden, from the corner of Carrer de Mallorca and Carrer de Sardenya, which was the old entrance to the Temple, you can see another, very similar monolith inscribed with 1882 and the papal insignia of the keys and mitre.&nbsp;<strong>&nbsp;<\/strong><\/p>\n\n\n\n<div class=\"wp-block-columns is-layout-flex wp-container-core-columns-is-layout-9d6595d7 wp-block-columns-is-layout-flex\">\n<div class=\"wp-block-column is-layout-flow wp-block-column-is-layout-flow\">\n<figure data-wp-context=\"{&quot;imageId&quot;:&quot;69ede0bab76fb&quot;}\" data-wp-interactive=\"core\/image\" data-wp-key=\"69ede0bab76fb\" class=\"wp-block-image size-full wp-lightbox-container\"><img decoding=\"async\" data-wp-class--hide=\"state.isContentHidden\" data-wp-class--show=\"state.isContentVisible\" data-wp-init=\"callbacks.setButtonStyles\" data-wp-on--click=\"actions.showLightbox\" data-wp-on--load=\"callbacks.setButtonStyles\" data-wp-on-window--resize=\"callbacks.setButtonStyles\" src=\"https:\/\/blog.sagradafamilia.org\/wp-content\/uploads\/2025\/03\/6.-monolit-centenari-actual-1.jpg\" alt=\"\" class=\"wp-image-3769\"\/><button\n\t\t\tclass=\"lightbox-trigger\"\n\t\t\ttype=\"button\"\n\t\t\taria-haspopup=\"dialog\"\n\t\t\taria-label=\"Enlarge\"\n\t\t\tdata-wp-init=\"callbacks.initTriggerButton\"\n\t\t\tdata-wp-on--click=\"actions.showLightbox\"\n\t\t\tdata-wp-style--right=\"state.imageButtonRight\"\n\t\t\tdata-wp-style--top=\"state.imageButtonTop\"\n\t\t>\n\t\t\t<svg xmlns=\"http:\/\/www.w3.org\/2000\/svg\" width=\"12\" height=\"12\" fill=\"none\" viewbox=\"0 0 12 12\">\n\t\t\t\t<path fill=\"#fff\" d=\"M2 0a2 2 0 0 0-2 2v2h1.5V2a.5.5 0 0 1 .5-.5h2V0H2Zm2 10.5H2a.5.5 0 0 1-.5-.5V8H0v2a2 2 0 0 0 2 2h2v-1.5ZM8 12v-1.5h2a.5.5 0 0 0 .5-.5V8H12v2a2 2 0 0 1-2 2H8Zm2-12a2 2 0 0 1 2 2v2h-1.5V2a.5.5 0 0 0-.5-.5H8V0h2Z\" \/>\n\t\t\t<\/svg>\n\t\t<\/button><figcaption class=\"wp-element-caption\">One of the two stone monoliths placed on the Passion fa\u00e7ade for the centenary<\/figcaption><\/figure>\n<\/div>\n\n\n\n<div class=\"wp-block-column is-layout-flow wp-block-column-is-layout-flow\">\n<figure data-wp-context=\"{&quot;imageId&quot;:&quot;69ede0bab7cd7&quot;}\" data-wp-interactive=\"core\/image\" data-wp-key=\"69ede0bab7cd7\" class=\"wp-block-image size-full wp-lightbox-container\"><img loading=\"lazy\" decoding=\"async\" width=\"659\" height=\"879\" data-wp-class--hide=\"state.isContentHidden\" data-wp-class--show=\"state.isContentVisible\" data-wp-init=\"callbacks.setButtonStyles\" data-wp-on--click=\"actions.showLightbox\" data-wp-on--load=\"callbacks.setButtonStyles\" data-wp-on-window--resize=\"callbacks.setButtonStyles\" src=\"https:\/\/blog.sagradafamilia.org\/wp-content\/uploads\/2025\/03\/6.-primer-monolit-Sardenya-amb-Mallorca-edited.jpg\" alt=\"Monolith that previously welcomed visitors.\" class=\"wp-image-3794\" srcset=\"https:\/\/blog.sagradafamilia.org\/wp-content\/uploads\/2025\/03\/6.-primer-monolit-Sardenya-amb-Mallorca-edited.jpg 659w, https:\/\/blog.sagradafamilia.org\/wp-content\/uploads\/2025\/03\/6.-primer-monolit-Sardenya-amb-Mallorca-edited-225x300.jpg 225w, https:\/\/blog.sagradafamilia.org\/wp-content\/uploads\/2025\/03\/6.-primer-monolit-Sardenya-amb-Mallorca-edited-9x12.jpg 9w\" sizes=\"auto, (max-width: 659px) 100vw, 659px\" \/><button\n\t\t\tclass=\"lightbox-trigger\"\n\t\t\ttype=\"button\"\n\t\t\taria-haspopup=\"dialog\"\n\t\t\taria-label=\"Enlarge\"\n\t\t\tdata-wp-init=\"callbacks.initTriggerButton\"\n\t\t\tdata-wp-on--click=\"actions.showLightbox\"\n\t\t\tdata-wp-style--right=\"state.imageButtonRight\"\n\t\t\tdata-wp-style--top=\"state.imageButtonTop\"\n\t\t>\n\t\t\t<svg xmlns=\"http:\/\/www.w3.org\/2000\/svg\" width=\"12\" height=\"12\" fill=\"none\" viewbox=\"0 0 12 12\">\n\t\t\t\t<path fill=\"#fff\" d=\"M2 0a2 2 0 0 0-2 2v2h1.5V2a.5.5 0 0 1 .5-.5h2V0H2Zm2 10.5H2a.5.5 0 0 1-.5-.5V8H0v2a2 2 0 0 0 2 2h2v-1.5ZM8 12v-1.5h2a.5.5 0 0 0 .5-.5V8H12v2a2 2 0 0 1-2 2H8Zm2-12a2 2 0 0 1 2 2v2h-1.5V2a.5.5 0 0 0-.5-.5H8V0h2Z\" \/>\n\t\t\t<\/svg>\n\t\t<\/button><figcaption class=\"wp-element-caption\">Monolith that previously welcomed visitors<\/figcaption><\/figure>\n<\/div>\n<\/div>\n\n\n\n<h2 class=\"wp-block-heading\">2007- 125th anniversary of the laying of the cornerstone<\/h2>\n\n\n\n<div class=\"wp-block-columns is-layout-flex wp-container-core-columns-is-layout-9d6595d7 wp-block-columns-is-layout-flex\">\n<div class=\"wp-block-column is-layout-flow wp-block-column-is-layout-flow\">\n<figure data-wp-context=\"{&quot;imageId&quot;:&quot;69ede0bab842c&quot;}\" data-wp-interactive=\"core\/image\" data-wp-key=\"69ede0bab842c\" class=\"wp-block-image size-full wp-lightbox-container\"><img loading=\"lazy\" decoding=\"async\" width=\"533\" height=\"400\" data-wp-class--hide=\"state.isContentHidden\" data-wp-class--show=\"state.isContentVisible\" data-wp-init=\"callbacks.setButtonStyles\" data-wp-on--click=\"actions.showLightbox\" data-wp-on--load=\"callbacks.setButtonStyles\" data-wp-on-window--resize=\"callbacks.setButtonStyles\" src=\"https:\/\/blog.sagradafamilia.org\/wp-content\/uploads\/2025\/03\/125-anys-illuminacio-edited.jpg\" alt=\"\" class=\"wp-image-3801\" srcset=\"https:\/\/blog.sagradafamilia.org\/wp-content\/uploads\/2025\/03\/125-anys-illuminacio-edited.jpg 533w, https:\/\/blog.sagradafamilia.org\/wp-content\/uploads\/2025\/03\/125-anys-illuminacio-edited-300x225.jpg 300w, https:\/\/blog.sagradafamilia.org\/wp-content\/uploads\/2025\/03\/125-anys-illuminacio-edited-16x12.jpg 16w\" sizes=\"auto, (max-width: 533px) 100vw, 533px\" \/><button\n\t\t\tclass=\"lightbox-trigger\"\n\t\t\ttype=\"button\"\n\t\t\taria-haspopup=\"dialog\"\n\t\t\taria-label=\"Enlarge\"\n\t\t\tdata-wp-init=\"callbacks.initTriggerButton\"\n\t\t\tdata-wp-on--click=\"actions.showLightbox\"\n\t\t\tdata-wp-style--right=\"state.imageButtonRight\"\n\t\t\tdata-wp-style--top=\"state.imageButtonTop\"\n\t\t>\n\t\t\t<svg xmlns=\"http:\/\/www.w3.org\/2000\/svg\" width=\"12\" height=\"12\" fill=\"none\" viewbox=\"0 0 12 12\">\n\t\t\t\t<path fill=\"#fff\" d=\"M2 0a2 2 0 0 0-2 2v2h1.5V2a.5.5 0 0 1 .5-.5h2V0H2Zm2 10.5H2a.5.5 0 0 1-.5-.5V8H0v2a2 2 0 0 0 2 2h2v-1.5ZM8 12v-1.5h2a.5.5 0 0 0 .5-.5V8H12v2a2 2 0 0 1-2 2H8Zm2-12a2 2 0 0 1 2 2v2h-1.5V2a.5.5 0 0 0-.5-.5H8V0h2Z\" \/>\n\t\t\t<\/svg>\n\t\t<\/button><figcaption class=\"wp-element-caption\">Lighting of the Passion fa\u00e7ade and inauguration of the exhibition for the 125th anniversary. Credit: Carlos Collado (left) and Eloi Bonjoch (right).<\/figcaption><\/figure>\n<\/div>\n\n\n\n<div class=\"wp-block-column is-layout-flow wp-block-column-is-layout-flow\">\n<figure data-wp-context=\"{&quot;imageId&quot;:&quot;69ede0bab898c&quot;}\" data-wp-interactive=\"core\/image\" data-wp-key=\"69ede0bab898c\" class=\"wp-block-image size-full wp-lightbox-container\"><img loading=\"lazy\" decoding=\"async\" width=\"1024\" height=\"768\" data-wp-class--hide=\"state.isContentHidden\" data-wp-class--show=\"state.isContentVisible\" data-wp-init=\"callbacks.setButtonStyles\" data-wp-on--click=\"actions.showLightbox\" data-wp-on--load=\"callbacks.setButtonStyles\" data-wp-on-window--resize=\"callbacks.setButtonStyles\" src=\"https:\/\/blog.sagradafamilia.org\/wp-content\/uploads\/2025\/03\/125-anys-expo.jpg\" alt=\"\" class=\"wp-image-3772\" srcset=\"https:\/\/blog.sagradafamilia.org\/wp-content\/uploads\/2025\/03\/125-anys-expo.jpg 1024w, https:\/\/blog.sagradafamilia.org\/wp-content\/uploads\/2025\/03\/125-anys-expo-300x225.jpg 300w, https:\/\/blog.sagradafamilia.org\/wp-content\/uploads\/2025\/03\/125-anys-expo-768x576.jpg 768w, https:\/\/blog.sagradafamilia.org\/wp-content\/uploads\/2025\/03\/125-anys-expo-16x12.jpg 16w\" sizes=\"auto, (max-width: 1024px) 100vw, 1024px\" \/><button\n\t\t\tclass=\"lightbox-trigger\"\n\t\t\ttype=\"button\"\n\t\t\taria-haspopup=\"dialog\"\n\t\t\taria-label=\"Enlarge\"\n\t\t\tdata-wp-init=\"callbacks.initTriggerButton\"\n\t\t\tdata-wp-on--click=\"actions.showLightbox\"\n\t\t\tdata-wp-style--right=\"state.imageButtonRight\"\n\t\t\tdata-wp-style--top=\"state.imageButtonTop\"\n\t\t>\n\t\t\t<svg xmlns=\"http:\/\/www.w3.org\/2000\/svg\" width=\"12\" height=\"12\" fill=\"none\" viewbox=\"0 0 12 12\">\n\t\t\t\t<path fill=\"#fff\" d=\"M2 0a2 2 0 0 0-2 2v2h1.5V2a.5.5 0 0 1 .5-.5h2V0H2Zm2 10.5H2a.5.5 0 0 1-.5-.5V8H0v2a2 2 0 0 0 2 2h2v-1.5ZM8 12v-1.5h2a.5.5 0 0 0 .5-.5V8H12v2a2 2 0 0 1-2 2H8Zm2-12a2 2 0 0 1 2 2v2h-1.5V2a.5.5 0 0 0-.5-.5H8V0h2Z\" \/>\n\t\t\t<\/svg>\n\t\t<\/button><figcaption class=\"wp-element-caption\">Lighting of the Passion fa\u00e7ade and inauguration of the exhibition for the 125th anniversary. Credit: Carlos Collado (left) and Eloi Bonjoch (right)<\/figcaption><\/figure>\n<\/div>\n<\/div>\n\n\n\n<p>The 125th anniversary celebrations began on 19 March 2007 with the inauguration of the night-time illumination of the Passion fa\u00e7ade and an exhibition featuring a plan of the Basilica nave on the ground and a tripod with sand simulating the laying of the cornerstone. The celebrations concluded the following year with a solemn mass on the feast of Saint Joseph.&nbsp;<strong>&nbsp;<\/strong><\/p>\n\n\n\n<p><\/p>","protected":false},"excerpt":{"rendered":"<p>El 19 de mar\u00e7, diada de Sant Josep, \u00e9s una data destacada a la Sagrada Fam\u00edlia. Aquell dia de l&#8217;any 1882 es va col\u00b7locar la primera pedra al temple, una efem\u00e8ride que enguany compleix 144 anys. Per commemorar aquest moment aquest any es far\u00e0 una missa dedicada a Sant Josep a la Bas\u00edlica i un [&hellip;]<\/p>\n","protected":false},"author":10,"featured_media":6007,"comment_status":"open","ping_status":"open","sticky":false,"template":"","format":"standard","meta":{"footnotes":""},"categories":[21],"tags":[52,44,139],"class_list":["post-3670","post","type-post","status-publish","format-standard","has-post-thumbnail","hentry","category-historia","tag-historia","tag-local","tag-sagrada-familia"],"_links":{"self":[{"href":"https:\/\/blog.sagradafamilia.org\/en\/wp-json\/wp\/v2\/posts\/3670","targetHints":{"allow":["GET"]}}],"collection":[{"href":"https:\/\/blog.sagradafamilia.org\/en\/wp-json\/wp\/v2\/posts"}],"about":[{"href":"https:\/\/blog.sagradafamilia.org\/en\/wp-json\/wp\/v2\/types\/post"}],"author":[{"embeddable":true,"href":"https:\/\/blog.sagradafamilia.org\/en\/wp-json\/wp\/v2\/users\/10"}],"replies":[{"embeddable":true,"href":"https:\/\/blog.sagradafamilia.org\/en\/wp-json\/wp\/v2\/comments?post=3670"}],"version-history":[{"count":0,"href":"https:\/\/blog.sagradafamilia.org\/en\/wp-json\/wp\/v2\/posts\/3670\/revisions"}],"wp:featuredmedia":[{"embeddable":true,"href":"https:\/\/blog.sagradafamilia.org\/en\/wp-json\/wp\/v2\/media\/6007"}],"wp:attachment":[{"href":"https:\/\/blog.sagradafamilia.org\/en\/wp-json\/wp\/v2\/media?parent=3670"}],"wp:term":[{"taxonomy":"category","embeddable":true,"href":"https:\/\/blog.sagradafamilia.org\/en\/wp-json\/wp\/v2\/categories?post=3670"},{"taxonomy":"post_tag","embeddable":true,"href":"https:\/\/blog.sagradafamilia.org\/en\/wp-json\/wp\/v2\/tags?post=3670"}],"curies":[{"name":"wp","href":"https:\/\/api.w.org\/{rel}","templated":true}]}}